{"id":11,"date":"2023-07-29T00:18:14","date_gmt":"2023-07-29T00:18:14","guid":{"rendered":"https:\/\/miradagrafica.com.mx\/blog\/?p=11"},"modified":"2025-02-27T18:41:17","modified_gmt":"2025-02-27T18:41:17","slug":"elegir-el-nombre-de-tu-empresa-en-5-pasos","status":"publish","type":"post","link":"https:\/\/miradagrafica.com.mx\/blog\/2023\/07\/29\/elegir-el-nombre-de-tu-empresa-en-5-pasos\/","title":{"rendered":"Elegir el nombre de tu empresa en 5 pasos"},"content":{"rendered":"\n<p>S\u00ed, hay que tener fe en que te va a ir muy bien con tu empresa. Pero tambi\u00e9n se necesita actuar estrat\u00e9gicamente con muchos detalles y un punto clave es c\u00f3mo se va a llamar tu negocio. El nombre de tu empresa puede llegar a ser un eje articulador en muchas partes de tu operaci\u00f3n mercantil.<\/p>\n\n\n\n<p>A veces pienso que es m\u00e1s dif\u00edcil ponerle nombre a una empresa que a un beb\u00e9. Pero veamos. De repente cuando le pones apodo a un amigo parece que le encontraste una caracter\u00edstica que a esa persona la hace inigualable\u2026 que la describe perfectamente bien. Ese es el esp\u00edritu. M\u00e1s o menos as\u00ed hay que proceder hacia un buen branding de tu negocio. Si vas a \u201cbautizar\u201d a tu empresa te recomiendo lo siguiente:<\/p>\n\n\n\n<h3 class=\"wp-block-heading\"><strong>1<\/strong>.&nbsp;<strong>Piensa en nombres cortos<\/strong><\/h3>\n\n\n\n<p>Nada de trabalenguas, por m\u00e1s ingenioso que sea o por m\u00e1s encari\u00f1ado que est\u00e9s. Hay que alejarse del capricho de alguna idea \u201cgenial\u201d (seg\u00fan t\u00fa) y tener mente abierta para ver opciones menos complejas.<\/p>\n\n\n\n<h3 class=\"wp-block-heading\"><strong>2<\/strong>.&nbsp;<strong>F\u00e1cil de recordar<\/strong><\/h3>\n\n\n\n<p>Justamente la ventaja de un nombre corto \u2013y cuya pronunciaci\u00f3n no sea complicada\u2013 dar\u00e1 como resultado que sea f\u00e1cil de recordar, de ubicar.<\/p>\n\n\n\n<h3 class=\"wp-block-heading\"><strong>3<\/strong>.&nbsp;<strong>Evita nombres obvios<\/strong><\/h3>\n\n\n\n<p>Si el nombre es demasiado explicativo no causar\u00e1 nada de impacto.<\/p>\n\n\n\n<h3 class=\"wp-block-heading\"><strong>4<\/strong>.&nbsp;<strong>No uses iniciales<\/strong><\/h3>\n\n\n\n<p>Aunque hay marcas que han logrado posicionar sus nombres a base de siglas, en realidad estas son poco atractivas y dif\u00edciles de recordar y, por lo mismo, su posicionamiento en Internet es considerablemente m\u00e1s caro. Lo recomendable es confiar en nombres cortos que resulten interesantes para tu p\u00fablico.<\/p>\n\n\n\n<h3 class=\"wp-block-heading\"><strong>5<\/strong>.&nbsp;<strong>No crear confusi\u00f3n con otras marcas<\/strong><\/h3>\n\n\n\n<p>Hemos visto que el comercio informal tiene la osad\u00eda de bautizar productos casi con el mismo nombre y logotipo de marcas reconocidas internacionalmente (por ejemplo, unos tenis \u201cMike\u201d hasta con palomita y todo). \u00a1No se te ocurra hacer eso!<\/p>\n\n\n\n<p>Hay otras consideraciones que te pueden servir para crear un buen nombre, por ejemplo:<\/p>\n\n\n\n<ul class=\"wp-block-list\">\n<li>Realiza una lluvia de ideas<\/li>\n\n\n\n<li>Busca que el nombre aluda a algo relacionado con tu empresa<\/li>\n\n\n\n<li>Puedes combinar prefijos o sufijos y la actividad o evocar la idea de bajo costo<\/li>\n\n\n\n<li>Puedes inspirarte en tu historia y an\u00e9cdotas personales o empresariales, el lugar en el que te encuentras o alguna de sus palabras t\u00edpicas<\/li>\n\n\n\n<li>Piensa en palabras que puedan ser usadas como verbos, por ejemplo Google, \u201cgooglear\u201d<\/li>\n\n\n\n<li>Trata de diferenciarte. Si tu competencia usa anglicismos o nombres cl\u00e1sicos quiz\u00e1s el tuyo tiene que ser exactamente lo contrario<\/li>\n\n\n\n<li>Busca que el nombre se pueda convertir f\u00e1cilmente en un logotipo<\/li>\n\n\n\n<li>Investiga si ese nombre no existe ya en el mercado<\/li>\n\n\n\n<li>Si se te complica mucho, puedes buscar generadores de nombres para empresas en Internet<\/li>\n<\/ul>\n\n\n\n<p>Por otro lado, hay agencias que cuentan con copywriters expertos en la creaci\u00f3n de nombres y slogans. Una agencia te puede ofrecer, adem\u00e1s, la realizaci\u00f3n de estudios de mercado que te llevar\u00e1n al nombre ideal para tu negocio.<\/p>\n\n\n\n<p>Tu empresa tendr\u00e1, si no es que ya la tiene, una personalidad. \u00a1Explota lo mejor de ella para que su nombre sea representativo!<\/p>\n","protected":false},"excerpt":{"rendered":"<p>S\u00ed, hay que tener fe en que te va a ir muy bien con tu&#8230;<\/p>\n","protected":false},"author":1,"featured_media":12,"comment_status":"closed","ping_status":"closed","sticky":false,"template":"","format":"standard","meta":{"footnotes":""},"categories":[7],"tags":[],"class_list":["post-11","post","type-post","status-publish","format-standard","has-post-thumbnail","hentry","category-branding"],"yoast_head":"<!-- This site is optimized with the Yoast SEO plugin v25.3.1 - https:\/\/yoast.com\/wordpress\/plugins\/seo\/ -->\n<title>Elegir el nombre de tu empresa en 5 pasos - Blog Mirada Gr\u00e1fica<\/title>\n<meta name=\"robots\" content=\"index, follow, max-snippet:-1, max-image-preview:large, max-video-preview:-1\" \/>\n<link rel=\"canonical\" href=\"https:\/\/miradagrafica.com.mx\/blog\/2023\/07\/29\/elegir-el-nombre-de-tu-empresa-en-5-pasos\/\" \/>\n<meta property=\"og:locale\" content=\"es_ES\" \/>\n<meta property=\"og:type\" content=\"article\" \/>\n<meta property=\"og:title\" content=\"Elegir el nombre de tu empresa en 5 pasos - Blog Mirada Gr\u00e1fica\" \/>\n<meta property=\"og:description\" content=\"S\u00ed, hay que tener fe en que te va a ir muy bien con tu...\" \/>\n<meta property=\"og:url\" content=\"https:\/\/miradagrafica.com.mx\/blog\/2023\/07\/29\/elegir-el-nombre-de-tu-empresa-en-5-pasos\/\" \/>\n<meta property=\"og:site_name\" content=\"Blog Mirada Gr\u00e1fica\" \/>\n<meta property=\"article:publisher\" content=\"https:\/\/www.facebook.com\/miradagrafica\" \/>\n<meta property=\"article:published_time\" content=\"2023-07-29T00:18:14+00:00\" \/>\n<meta property=\"article:modified_time\" content=\"2025-02-27T18:41:17+00:00\" \/>\n<meta property=\"og:image\" content=\"https:\/\/miradagrafica.com.mx\/blog\/wp-content\/uploads\/2023\/07\/elegir-nombres.jpg\" \/>\n\t<meta property=\"og:image:width\" content=\"921\" \/>\n\t<meta property=\"og:image:height\" content=\"483\" \/>\n\t<meta property=\"og:image:type\" content=\"image\/jpeg\" \/>\n<meta name=\"author\" content=\"saniv\" \/>\n<meta name=\"twitter:card\" content=\"summary_large_image\" \/>\n<meta name=\"twitter:label1\" content=\"Escrito por\" \/>\n\t<meta name=\"twitter:data1\" content=\"saniv\" \/>\n\t<meta name=\"twitter:label2\" content=\"Tiempo de lectura\" \/>\n\t<meta name=\"twitter:data2\" content=\"3 minutos\" \/>\n<script type=\"application\/ld+json\" class=\"yoast-schema-graph\">{\"@context\":\"https:\/\/schema.org\",\"@graph\":[{\"@type\":\"Article\",\"@id\":\"https:\/\/miradagrafica.com.mx\/blog\/2023\/07\/29\/elegir-el-nombre-de-tu-empresa-en-5-pasos\/#article\",\"isPartOf\":{\"@id\":\"https:\/\/miradagrafica.com.mx\/blog\/2023\/07\/29\/elegir-el-nombre-de-tu-empresa-en-5-pasos\/\"},\"author\":{\"name\":\"saniv\",\"@id\":\"https:\/\/miradagrafica.com.mx\/blog\/#\/schema\/person\/95f3262d9f174d91fb6ec401531b5c3b\"},\"headline\":\"Elegir el nombre de tu empresa en 5 pasos\",\"datePublished\":\"2023-07-29T00:18:14+00:00\",\"dateModified\":\"2025-02-27T18:41:17+00:00\",\"mainEntityOfPage\":{\"@id\":\"https:\/\/miradagrafica.com.mx\/blog\/2023\/07\/29\/elegir-el-nombre-de-tu-empresa-en-5-pasos\/\"},\"wordCount\":545,\"publisher\":{\"@id\":\"https:\/\/miradagrafica.com.mx\/blog\/#organization\"},\"image\":{\"@id\":\"https:\/\/miradagrafica.com.mx\/blog\/2023\/07\/29\/elegir-el-nombre-de-tu-empresa-en-5-pasos\/#primaryimage\"},\"thumbnailUrl\":\"https:\/\/miradagrafica.com.mx\/blog\/wp-content\/uploads\/2023\/07\/elegir-nombres.jpg\",\"articleSection\":[\"Branding\"],\"inLanguage\":\"es\"},{\"@type\":\"WebPage\",\"@id\":\"https:\/\/miradagrafica.com.mx\/blog\/2023\/07\/29\/elegir-el-nombre-de-tu-empresa-en-5-pasos\/\",\"url\":\"https:\/\/miradagrafica.com.mx\/blog\/2023\/07\/29\/elegir-el-nombre-de-tu-empresa-en-5-pasos\/\",\"name\":\"Elegir el nombre de tu empresa en 5 pasos - Blog Mirada Gr\u00e1fica\",\"isPartOf\":{\"@id\":\"https:\/\/miradagrafica.com.mx\/blog\/#website\"},\"primaryImageOfPage\":{\"@id\":\"https:\/\/miradagrafica.com.mx\/blog\/2023\/07\/29\/elegir-el-nombre-de-tu-empresa-en-5-pasos\/#primaryimage\"},\"image\":{\"@id\":\"https:\/\/miradagrafica.com.mx\/blog\/2023\/07\/29\/elegir-el-nombre-de-tu-empresa-en-5-pasos\/#primaryimage\"},\"thumbnailUrl\":\"https:\/\/miradagrafica.com.mx\/blog\/wp-content\/uploads\/2023\/07\/elegir-nombres.jpg\",\"datePublished\":\"2023-07-29T00:18:14+00:00\",\"dateModified\":\"2025-02-27T18:41:17+00:00\",\"breadcrumb\":{\"@id\":\"https:\/\/miradagrafica.com.mx\/blog\/2023\/07\/29\/elegir-el-nombre-de-tu-empresa-en-5-pasos\/#breadcrumb\"},\"inLanguage\":\"es\",\"potentialAction\":[{\"@type\":\"ReadAction\",\"target\":[\"https:\/\/miradagrafica.com.mx\/blog\/2023\/07\/29\/elegir-el-nombre-de-tu-empresa-en-5-pasos\/\"]}]},{\"@type\":\"ImageObject\",\"inLanguage\":\"es\",\"@id\":\"https:\/\/miradagrafica.com.mx\/blog\/2023\/07\/29\/elegir-el-nombre-de-tu-empresa-en-5-pasos\/#primaryimage\",\"url\":\"https:\/\/miradagrafica.com.mx\/blog\/wp-content\/uploads\/2023\/07\/elegir-nombres.jpg\",\"contentUrl\":\"https:\/\/miradagrafica.com.mx\/blog\/wp-content\/uploads\/2023\/07\/elegir-nombres.jpg\",\"width\":921,\"height\":483},{\"@type\":\"BreadcrumbList\",\"@id\":\"https:\/\/miradagrafica.com.mx\/blog\/2023\/07\/29\/elegir-el-nombre-de-tu-empresa-en-5-pasos\/#breadcrumb\",\"itemListElement\":[{\"@type\":\"ListItem\",\"position\":1,\"name\":\"Portada\",\"item\":\"https:\/\/miradagrafica.com.mx\/blog\/\"},{\"@type\":\"ListItem\",\"position\":2,\"name\":\"Elegir el nombre de tu empresa en 5 pasos\"}]},{\"@type\":\"WebSite\",\"@id\":\"https:\/\/miradagrafica.com.mx\/blog\/#website\",\"url\":\"https:\/\/miradagrafica.com.mx\/blog\/\",\"name\":\"Blog Mirada Gr\u00e1fica\",\"description\":\"Especialistas en Imagen Corporativa y Publicidad Digital\",\"publisher\":{\"@id\":\"https:\/\/miradagrafica.com.mx\/blog\/#organization\"},\"potentialAction\":[{\"@type\":\"SearchAction\",\"target\":{\"@type\":\"EntryPoint\",\"urlTemplate\":\"https:\/\/miradagrafica.com.mx\/blog\/?s={search_term_string}\"},\"query-input\":{\"@type\":\"PropertyValueSpecification\",\"valueRequired\":true,\"valueName\":\"search_term_string\"}}],\"inLanguage\":\"es\"},{\"@type\":\"Organization\",\"@id\":\"https:\/\/miradagrafica.com.mx\/blog\/#organization\",\"name\":\"Mirada Gr\u00e1fica\",\"url\":\"https:\/\/miradagrafica.com.mx\/blog\/\",\"logo\":{\"@type\":\"ImageObject\",\"inLanguage\":\"es\",\"@id\":\"https:\/\/miradagrafica.com.mx\/blog\/#\/schema\/logo\/image\/\",\"url\":\"https:\/\/miradagrafica.com.mx\/blog\/wp-content\/uploads\/2023\/08\/mg-logo.png\",\"contentUrl\":\"https:\/\/miradagrafica.com.mx\/blog\/wp-content\/uploads\/2023\/08\/mg-logo.png\",\"width\":1200,\"height\":1200,\"caption\":\"Mirada Gr\u00e1fica\"},\"image\":{\"@id\":\"https:\/\/miradagrafica.com.mx\/blog\/#\/schema\/logo\/image\/\"},\"sameAs\":[\"https:\/\/www.facebook.com\/miradagrafica\"]},{\"@type\":\"Person\",\"@id\":\"https:\/\/miradagrafica.com.mx\/blog\/#\/schema\/person\/95f3262d9f174d91fb6ec401531b5c3b\",\"name\":\"saniv\",\"image\":{\"@type\":\"ImageObject\",\"inLanguage\":\"es\",\"@id\":\"https:\/\/miradagrafica.com.mx\/blog\/#\/schema\/person\/image\/\",\"url\":\"https:\/\/secure.gravatar.com\/avatar\/c35a9db0fdaf7f325b98120d3c4bfff028610b380907b8a8c795585657133819?s=96&d=mm&r=g\",\"contentUrl\":\"https:\/\/secure.gravatar.com\/avatar\/c35a9db0fdaf7f325b98120d3c4bfff028610b380907b8a8c795585657133819?s=96&d=mm&r=g\",\"caption\":\"saniv\"},\"sameAs\":[\"https:\/\/miradagrafica.com.mx\/blog\"],\"url\":\"https:\/\/miradagrafica.com.mx\/blog\/author\/saniv\/\"}]}<\/script>\n<!-- \/ Yoast SEO plugin. -->","yoast_head_json":{"title":"Elegir el nombre de tu empresa en 5 pasos - Blog Mirada Gr\u00e1fica","robots":{"index":"index","follow":"follow","max-snippet":"max-snippet:-1","max-image-preview":"max-image-preview:large","max-video-preview":"max-video-preview:-1"},"canonical":"https:\/\/miradagrafica.com.mx\/blog\/2023\/07\/29\/elegir-el-nombre-de-tu-empresa-en-5-pasos\/","og_locale":"es_ES","og_type":"article","og_title":"Elegir el nombre de tu empresa en 5 pasos - Blog Mirada Gr\u00e1fica","og_description":"S\u00ed, hay que tener fe en que te va a ir muy bien con tu...","og_url":"https:\/\/miradagrafica.com.mx\/blog\/2023\/07\/29\/elegir-el-nombre-de-tu-empresa-en-5-pasos\/","og_site_name":"Blog Mirada Gr\u00e1fica","article_publisher":"https:\/\/www.facebook.com\/miradagrafica","article_published_time":"2023-07-29T00:18:14+00:00","article_modified_time":"2025-02-27T18:41:17+00:00","og_image":[{"width":921,"height":483,"url":"https:\/\/miradagrafica.com.mx\/blog\/wp-content\/uploads\/2023\/07\/elegir-nombres.jpg","type":"image\/jpeg"}],"author":"saniv","twitter_card":"summary_large_image","twitter_misc":{"Escrito por":"saniv","Tiempo de lectura":"3 minutos"},"schema":{"@context":"https:\/\/schema.org","@graph":[{"@type":"Article","@id":"https:\/\/miradagrafica.com.mx\/blog\/2023\/07\/29\/elegir-el-nombre-de-tu-empresa-en-5-pasos\/#article","isPartOf":{"@id":"https:\/\/miradagrafica.com.mx\/blog\/2023\/07\/29\/elegir-el-nombre-de-tu-empresa-en-5-pasos\/"},"author":{"name":"saniv","@id":"https:\/\/miradagrafica.com.mx\/blog\/#\/schema\/person\/95f3262d9f174d91fb6ec401531b5c3b"},"headline":"Elegir el nombre de tu empresa en 5 pasos","datePublished":"2023-07-29T00:18:14+00:00","dateModified":"2025-02-27T18:41:17+00:00","mainEntityOfPage":{"@id":"https:\/\/miradagrafica.com.mx\/blog\/2023\/07\/29\/elegir-el-nombre-de-tu-empresa-en-5-pasos\/"},"wordCount":545,"publisher":{"@id":"https:\/\/miradagrafica.com.mx\/blog\/#organization"},"image":{"@id":"https:\/\/miradagrafica.com.mx\/blog\/2023\/07\/29\/elegir-el-nombre-de-tu-empresa-en-5-pasos\/#primaryimage"},"thumbnailUrl":"https:\/\/miradagrafica.com.mx\/blog\/wp-content\/uploads\/2023\/07\/elegir-nombres.jpg","articleSection":["Branding"],"inLanguage":"es"},{"@type":"WebPage","@id":"https:\/\/miradagrafica.com.mx\/blog\/2023\/07\/29\/elegir-el-nombre-de-tu-empresa-en-5-pasos\/","url":"https:\/\/miradagrafica.com.mx\/blog\/2023\/07\/29\/elegir-el-nombre-de-tu-empresa-en-5-pasos\/","name":"Elegir el nombre de tu empresa en 5 pasos - Blog Mirada Gr\u00e1fica","isPartOf":{"@id":"https:\/\/miradagrafica.com.mx\/blog\/#website"},"primaryImageOfPage":{"@id":"https:\/\/miradagrafica.com.mx\/blog\/2023\/07\/29\/elegir-el-nombre-de-tu-empresa-en-5-pasos\/#primaryimage"},"image":{"@id":"https:\/\/miradagrafica.com.mx\/blog\/2023\/07\/29\/elegir-el-nombre-de-tu-empresa-en-5-pasos\/#primaryimage"},"thumbnailUrl":"https:\/\/miradagrafica.com.mx\/blog\/wp-content\/uploads\/2023\/07\/elegir-nombres.jpg","datePublished":"2023-07-29T00:18:14+00:00","dateModified":"2025-02-27T18:41:17+00:00","breadcrumb":{"@id":"https:\/\/miradagrafica.com.mx\/blog\/2023\/07\/29\/elegir-el-nombre-de-tu-empresa-en-5-pasos\/#breadcrumb"},"inLanguage":"es","potentialAction":[{"@type":"ReadAction","target":["https:\/\/miradagrafica.com.mx\/blog\/2023\/07\/29\/elegir-el-nombre-de-tu-empresa-en-5-pasos\/"]}]},{"@type":"ImageObject","inLanguage":"es","@id":"https:\/\/miradagrafica.com.mx\/blog\/2023\/07\/29\/elegir-el-nombre-de-tu-empresa-en-5-pasos\/#primaryimage","url":"https:\/\/miradagrafica.com.mx\/blog\/wp-content\/uploads\/2023\/07\/elegir-nombres.jpg","contentUrl":"https:\/\/miradagrafica.com.mx\/blog\/wp-content\/uploads\/2023\/07\/elegir-nombres.jpg","width":921,"height":483},{"@type":"BreadcrumbList","@id":"https:\/\/miradagrafica.com.mx\/blog\/2023\/07\/29\/elegir-el-nombre-de-tu-empresa-en-5-pasos\/#breadcrumb","itemListElement":[{"@type":"ListItem","position":1,"name":"Portada","item":"https:\/\/miradagrafica.com.mx\/blog\/"},{"@type":"ListItem","position":2,"name":"Elegir el nombre de tu empresa en 5 pasos"}]},{"@type":"WebSite","@id":"https:\/\/miradagrafica.com.mx\/blog\/#website","url":"https:\/\/miradagrafica.com.mx\/blog\/","name":"Blog Mirada Gr\u00e1fica","description":"Especialistas en Imagen Corporativa y Publicidad Digital","publisher":{"@id":"https:\/\/miradagrafica.com.mx\/blog\/#organization"},"potentialAction":[{"@type":"SearchAction","target":{"@type":"EntryPoint","urlTemplate":"https:\/\/miradagrafica.com.mx\/blog\/?s={search_term_string}"},"query-input":{"@type":"PropertyValueSpecification","valueRequired":true,"valueName":"search_term_string"}}],"inLanguage":"es"},{"@type":"Organization","@id":"https:\/\/miradagrafica.com.mx\/blog\/#organization","name":"Mirada Gr\u00e1fica","url":"https:\/\/miradagrafica.com.mx\/blog\/","logo":{"@type":"ImageObject","inLanguage":"es","@id":"https:\/\/miradagrafica.com.mx\/blog\/#\/schema\/logo\/image\/","url":"https:\/\/miradagrafica.com.mx\/blog\/wp-content\/uploads\/2023\/08\/mg-logo.png","contentUrl":"https:\/\/miradagrafica.com.mx\/blog\/wp-content\/uploads\/2023\/08\/mg-logo.png","width":1200,"height":1200,"caption":"Mirada Gr\u00e1fica"},"image":{"@id":"https:\/\/miradagrafica.com.mx\/blog\/#\/schema\/logo\/image\/"},"sameAs":["https:\/\/www.facebook.com\/miradagrafica"]},{"@type":"Person","@id":"https:\/\/miradagrafica.com.mx\/blog\/#\/schema\/person\/95f3262d9f174d91fb6ec401531b5c3b","name":"saniv","image":{"@type":"ImageObject","inLanguage":"es","@id":"https:\/\/miradagrafica.com.mx\/blog\/#\/schema\/person\/image\/","url":"https:\/\/secure.gravatar.com\/avatar\/c35a9db0fdaf7f325b98120d3c4bfff028610b380907b8a8c795585657133819?s=96&d=mm&r=g","contentUrl":"https:\/\/secure.gravatar.com\/avatar\/c35a9db0fdaf7f325b98120d3c4bfff028610b380907b8a8c795585657133819?s=96&d=mm&r=g","caption":"saniv"},"sameAs":["https:\/\/miradagrafica.com.mx\/blog"],"url":"https:\/\/miradagrafica.com.mx\/blog\/author\/saniv\/"}]}},"_links":{"self":[{"href":"https:\/\/miradagrafica.com.mx\/blog\/wp-json\/wp\/v2\/posts\/11","targetHints":{"allow":["GET"]}}],"collection":[{"href":"https:\/\/miradagrafica.com.mx\/blog\/wp-json\/wp\/v2\/posts"}],"about":[{"href":"https:\/\/miradagrafica.com.mx\/blog\/wp-json\/wp\/v2\/types\/post"}],"author":[{"embeddable":true,"href":"https:\/\/miradagrafica.com.mx\/blog\/wp-json\/wp\/v2\/users\/1"}],"replies":[{"embeddable":true,"href":"https:\/\/miradagrafica.com.mx\/blog\/wp-json\/wp\/v2\/comments?post=11"}],"version-history":[{"count":3,"href":"https:\/\/miradagrafica.com.mx\/blog\/wp-json\/wp\/v2\/posts\/11\/revisions"}],"predecessor-version":[{"id":110,"href":"https:\/\/miradagrafica.com.mx\/blog\/wp-json\/wp\/v2\/posts\/11\/revisions\/110"}],"wp:featuredmedia":[{"embeddable":true,"href":"https:\/\/miradagrafica.com.mx\/blog\/wp-json\/wp\/v2\/media\/12"}],"wp:attachment":[{"href":"https:\/\/miradagrafica.com.mx\/blog\/wp-json\/wp\/v2\/media?parent=11"}],"wp:term":[{"taxonomy":"category","embeddable":true,"href":"https:\/\/miradagrafica.com.mx\/blog\/wp-json\/wp\/v2\/categories?post=11"},{"taxonomy":"post_tag","embeddable":true,"href":"https:\/\/miradagrafica.com.mx\/blog\/wp-json\/wp\/v2\/tags?post=11"}],"curies":[{"name":"wp","href":"https:\/\/api.w.org\/{rel}","templated":true}]}}