{"id":14,"date":"2023-07-29T00:34:16","date_gmt":"2023-07-29T00:34:16","guid":{"rendered":"https:\/\/miradagrafica.com.mx\/blog\/?p=14"},"modified":"2023-08-23T22:24:29","modified_gmt":"2023-08-23T22:24:29","slug":"los-logotipos-cuentan-mucho","status":"publish","type":"post","link":"https:\/\/miradagrafica.com.mx\/blog\/2023\/07\/29\/los-logotipos-cuentan-mucho\/","title":{"rendered":"Los Logotipos Cuentan Mucho"},"content":{"rendered":"\n<p>Dentro de la terminolog\u00eda del dise\u00f1o gr\u00e1fico es muy frecuente hablar del \u201clogotipo\u201d al referirnos a lo que consideramos es la representaci\u00f3n gr\u00e1fica de una marca o producto. Incluso lo conocemos, coloquialmente, simplemente como \u201clogo\u201d.<\/p>\n\n\n\n<p><strong>De hecho, la Real Academia Espa\u00f1ola define la palabra logotipo como \u201cs\u00edmbolo gr\u00e1fico peculiar de una empresa, conmemoraci\u00f3n, marca o producto\u201d.<\/strong><\/p>\n\n\n\n<p>Pero creo que la publicidad nos ha regalado im\u00e1genes tan creativas que vale la pena hacer una peque\u00f1a nota para distinguir los diferentes tipos de logos y poder referirnos con precisi\u00f3n a ese elemento que simboliza a las marcas m\u00e1s exitosas del mundo. Entonces tenemos:<\/p>\n\n\n\n<p>\u2022&nbsp;<em>isotipo<\/em>, es una imagen o \u00edcono por la que se reconoce una marca<\/p>\n\n\n\n<p>\u2022&nbsp;<em>logotipo<\/em>, la marca es identificada por un texto<\/p>\n\n\n\n<p>\u2022&nbsp;<em>imagotipo<\/em>, es la combinaci\u00f3n de imagen y texto<\/p>\n\n\n\n<p>\u2022&nbsp;<em>isologo<\/em>, el texto y el \u00edcono no pueden separarse<\/p>\n\n\n\n<p>Una vez diferenciados, podemos revisar detalles de la historia y el \u00e9xito de algunos casos ejemplares.<\/p>\n\n\n\n<p><strong>Isotipos<\/strong><\/p>\n\n\n\n<p>Imagen curiosfera<\/p>\n\n\n\n<p>Uno de los m\u00e1s poderosos ejemplos de un istotipo exitoso \u2013y de su evoluci\u00f3n\u2013 es la imagen de Apple. El primer isotipo no tiene pr\u00e1cticamente nada en com\u00fan con la sencilla imagen que es ahora. Es un complicado dise\u00f1o en el que se ve a Isaac Newton debajo de un \u00e1rbol del que cuelga una manzana, la cual fue cortada de la mata para la nueva versi\u00f3n. Esta imagen solo dur\u00f3 un a\u00f1o. Steve Jobs se dio cuenta que no ten\u00eda nada que lo relacionara con la filosof\u00eda de la nueva empresa y encarg\u00f3 un nuevo dise\u00f1o: m\u00e1s limpio, simple y con los colores del arco iris. En el redise\u00f1o se le a\u00f1adi\u00f3 un mordisco a la manzana de Apple. Esta versi\u00f3n dur\u00f3 casi 20 a\u00f1os. A partir de entonces se realizaron ejercicios en un solo tono y con m\u00e1s o menos texturas, pero siempre conservando la ic\u00f3nica manzana original de Apple.<\/p>\n\n\n\n<p>Otro buen par de ejemplos son los gr\u00e1ficos de la revista Playboy o la boca de los Rolling Stones.<\/p>\n\n\n\n<p>El primer caso tiene su origen en una caricatura que mostraba a un conejo con rodeado de elementos que producen placer. Este animalito fue elegido debido a su entusiasta connotaci\u00f3n sexual. El redise\u00f1o ha permanecido igual por a\u00f1os y a\u00f1os. Hoy en d\u00eda es uno de los m\u00e1s f\u00e1cilmente reconocidos.<\/p>\n\n\n\n<p>Y en lo que toca a la imagen gr\u00e1fica de los Rolling Stones, vemos que la consistencia permanece casi intacta desde su creaci\u00f3n, igual que los m\u00fasicos de la banda cuyo esp\u00edritu no envejece. Ese detalle es algo que vincula perfectamente bien a la \u201cmarca\u201d con su personalidad y la representaci\u00f3n gr\u00e1fica. La versi\u00f3n actual muestra una lengua con m\u00e1s volumen, m\u00e1s h\u00fameda y la cavidad de la boca es m\u00e1s profunda.<\/p>\n\n\n\n<p><strong>Logotipos<\/strong><\/p>\n\n\n\n<p>Aqu\u00ed haremos nostalgia con \u201cla guerra de las colas\u201d. Por un lado tenemos el logo casi inc\u00f3lume por m\u00e1s de cien a\u00f1os de Coca-Cola. En 1886 la marca fue representada con la fuente tipogr\u00e1fica m\u00e1s utilizada en Estados Unidos (Spencerian) en aquella \u00e9poca. Poco tiempo despu\u00e9s, pas\u00f3 por trayectos g\u00f3ticos y peque\u00f1os cambios. Algo de lo m\u00e1s notable es que en 1969 se integra un trazo conocido como la \u201dola\u201d, el cual da m\u00e1s dinamismo al logo. En 2007, Coca-Cola vuelve a su dise\u00f1o cl\u00e1sico reduciendo sus colores al rojo y blanco, eliminando elementos y llevando la atenci\u00f3n hacia la marca.<\/p>\n\n\n\n<p>Imagen DesignBeep<\/p>\n\n\n\n<p>Por otro lado, est\u00e1 Pepsi-Cola. El producto fue creado en 1898 tambi\u00e9n como medicina para la dispepsia (inclu\u00eda en la receta la enzima digestiva pepsina y nueces de cola, de ah\u00ed su nombre). Con una larga historia, vemos que el cambio m\u00e1s significativo que tuvo el logo de Pepsi se dio en la d\u00e9cada de 1940, con los colores rojo, blanco y azul, como s\u00edmbolo de apoyo a Estados Unidos durante la II GM. En este caso, los cambios han sido m\u00e1s numerosos y muy notables hasta en los estilos tipogr\u00e1ficos.<\/p>\n\n\n\n<p>Bueno amigos, hemos llegado al intermedio de esta obra por cuyo escenario ya han pasado algunos de los logos m\u00e1s famosos. Solo un comentario antes de cerrar esta primera parte: entre estos logos hay unos m\u00e1s j\u00f3venes que otros, pero hay que hacer notar que todos cuentan actualmente con una vigencia espectacular\u2026 m\u00e1s adelante veremos por qu\u00e9.<\/p>\n","protected":false},"excerpt":{"rendered":"<p>Dentro de la terminolog\u00eda del dise\u00f1o gr\u00e1fico es muy frecuente hablar del \u201clogotipo\u201d al referirnos&#8230;<\/p>\n","protected":false},"author":1,"featured_media":59,"comment_status":"closed","ping_status":"closed","sticky":false,"template":"","format":"standard","meta":{"footnotes":""},"categories":[6],"tags":[],"class_list":["post-14","post","type-post","status-publish","format-standard","has-post-thumbnail","hentry","category-imagen-corporativa"],"yoast_head":"<!-- This site is optimized with the Yoast SEO plugin v25.3.1 - https:\/\/yoast.com\/wordpress\/plugins\/seo\/ -->\n<title>Los Logotipos Cuentan Mucho - Blog Mirada Gr\u00e1fica<\/title>\n<meta name=\"robots\" content=\"index, follow, max-snippet:-1, max-image-preview:large, max-video-preview:-1\" \/>\n<link rel=\"canonical\" href=\"https:\/\/miradagrafica.com.mx\/blog\/2023\/07\/29\/los-logotipos-cuentan-mucho\/\" \/>\n<meta property=\"og:locale\" content=\"es_ES\" \/>\n<meta property=\"og:type\" content=\"article\" \/>\n<meta property=\"og:title\" content=\"Los Logotipos Cuentan Mucho - Blog Mirada Gr\u00e1fica\" \/>\n<meta property=\"og:description\" content=\"Dentro de la terminolog\u00eda del dise\u00f1o gr\u00e1fico es muy frecuente hablar del \u201clogotipo\u201d al referirnos...\" \/>\n<meta property=\"og:url\" content=\"https:\/\/miradagrafica.com.mx\/blog\/2023\/07\/29\/los-logotipos-cuentan-mucho\/\" \/>\n<meta property=\"og:site_name\" content=\"Blog Mirada Gr\u00e1fica\" \/>\n<meta property=\"article:publisher\" content=\"https:\/\/www.facebook.com\/miradagrafica\" \/>\n<meta property=\"article:published_time\" content=\"2023-07-29T00:34:16+00:00\" \/>\n<meta property=\"article:modified_time\" content=\"2023-08-23T22:24:29+00:00\" \/>\n<meta property=\"og:image\" content=\"https:\/\/miradagrafica.com.mx\/blog\/wp-content\/uploads\/2023\/07\/logos.jpg\" \/>\n\t<meta property=\"og:image:width\" content=\"1000\" \/>\n\t<meta property=\"og:image:height\" content=\"800\" \/>\n\t<meta property=\"og:image:type\" content=\"image\/jpeg\" \/>\n<meta name=\"author\" content=\"saniv\" \/>\n<meta name=\"twitter:card\" content=\"summary_large_image\" \/>\n<meta name=\"twitter:label1\" content=\"Escrito por\" \/>\n\t<meta name=\"twitter:data1\" content=\"saniv\" \/>\n\t<meta name=\"twitter:label2\" content=\"Tiempo de lectura\" \/>\n\t<meta name=\"twitter:data2\" content=\"4 minutos\" \/>\n<script type=\"application\/ld+json\" class=\"yoast-schema-graph\">{\"@context\":\"https:\/\/schema.org\",\"@graph\":[{\"@type\":\"Article\",\"@id\":\"https:\/\/miradagrafica.com.mx\/blog\/2023\/07\/29\/los-logotipos-cuentan-mucho\/#article\",\"isPartOf\":{\"@id\":\"https:\/\/miradagrafica.com.mx\/blog\/2023\/07\/29\/los-logotipos-cuentan-mucho\/\"},\"author\":{\"name\":\"saniv\",\"@id\":\"https:\/\/miradagrafica.com.mx\/blog\/#\/schema\/person\/95f3262d9f174d91fb6ec401531b5c3b\"},\"headline\":\"Los Logotipos Cuentan Mucho\",\"datePublished\":\"2023-07-29T00:34:16+00:00\",\"dateModified\":\"2023-08-23T22:24:29+00:00\",\"mainEntityOfPage\":{\"@id\":\"https:\/\/miradagrafica.com.mx\/blog\/2023\/07\/29\/los-logotipos-cuentan-mucho\/\"},\"wordCount\":779,\"publisher\":{\"@id\":\"https:\/\/miradagrafica.com.mx\/blog\/#organization\"},\"image\":{\"@id\":\"https:\/\/miradagrafica.com.mx\/blog\/2023\/07\/29\/los-logotipos-cuentan-mucho\/#primaryimage\"},\"thumbnailUrl\":\"https:\/\/miradagrafica.com.mx\/blog\/wp-content\/uploads\/2023\/07\/logos.jpg\",\"articleSection\":[\"Imagen Corporativa\"],\"inLanguage\":\"es\"},{\"@type\":\"WebPage\",\"@id\":\"https:\/\/miradagrafica.com.mx\/blog\/2023\/07\/29\/los-logotipos-cuentan-mucho\/\",\"url\":\"https:\/\/miradagrafica.com.mx\/blog\/2023\/07\/29\/los-logotipos-cuentan-mucho\/\",\"name\":\"Los Logotipos Cuentan Mucho - Blog Mirada Gr\u00e1fica\",\"isPartOf\":{\"@id\":\"https:\/\/miradagrafica.com.mx\/blog\/#website\"},\"primaryImageOfPage\":{\"@id\":\"https:\/\/miradagrafica.com.mx\/blog\/2023\/07\/29\/los-logotipos-cuentan-mucho\/#primaryimage\"},\"image\":{\"@id\":\"https:\/\/miradagrafica.com.mx\/blog\/2023\/07\/29\/los-logotipos-cuentan-mucho\/#primaryimage\"},\"thumbnailUrl\":\"https:\/\/miradagrafica.com.mx\/blog\/wp-content\/uploads\/2023\/07\/logos.jpg\",\"datePublished\":\"2023-07-29T00:34:16+00:00\",\"dateModified\":\"2023-08-23T22:24:29+00:00\",\"breadcrumb\":{\"@id\":\"https:\/\/miradagrafica.com.mx\/blog\/2023\/07\/29\/los-logotipos-cuentan-mucho\/#breadcrumb\"},\"inLanguage\":\"es\",\"potentialAction\":[{\"@type\":\"ReadAction\",\"target\":[\"https:\/\/miradagrafica.com.mx\/blog\/2023\/07\/29\/los-logotipos-cuentan-mucho\/\"]}]},{\"@type\":\"ImageObject\",\"inLanguage\":\"es\",\"@id\":\"https:\/\/miradagrafica.com.mx\/blog\/2023\/07\/29\/los-logotipos-cuentan-mucho\/#primaryimage\",\"url\":\"https:\/\/miradagrafica.com.mx\/blog\/wp-content\/uploads\/2023\/07\/logos.jpg\",\"contentUrl\":\"https:\/\/miradagrafica.com.mx\/blog\/wp-content\/uploads\/2023\/07\/logos.jpg\",\"width\":1000,\"height\":800},{\"@type\":\"BreadcrumbList\",\"@id\":\"https:\/\/miradagrafica.com.mx\/blog\/2023\/07\/29\/los-logotipos-cuentan-mucho\/#breadcrumb\",\"itemListElement\":[{\"@type\":\"ListItem\",\"position\":1,\"name\":\"Portada\",\"item\":\"https:\/\/miradagrafica.com.mx\/blog\/\"},{\"@type\":\"ListItem\",\"position\":2,\"name\":\"Los Logotipos Cuentan Mucho\"}]},{\"@type\":\"WebSite\",\"@id\":\"https:\/\/miradagrafica.com.mx\/blog\/#website\",\"url\":\"https:\/\/miradagrafica.com.mx\/blog\/\",\"name\":\"Blog Mirada Gr\u00e1fica\",\"description\":\"Especialistas en Imagen Corporativa y Publicidad Digital\",\"publisher\":{\"@id\":\"https:\/\/miradagrafica.com.mx\/blog\/#organization\"},\"potentialAction\":[{\"@type\":\"SearchAction\",\"target\":{\"@type\":\"EntryPoint\",\"urlTemplate\":\"https:\/\/miradagrafica.com.mx\/blog\/?s={search_term_string}\"},\"query-input\":{\"@type\":\"PropertyValueSpecification\",\"valueRequired\":true,\"valueName\":\"search_term_string\"}}],\"inLanguage\":\"es\"},{\"@type\":\"Organization\",\"@id\":\"https:\/\/miradagrafica.com.mx\/blog\/#organization\",\"name\":\"Mirada Gr\u00e1fica\",\"url\":\"https:\/\/miradagrafica.com.mx\/blog\/\",\"logo\":{\"@type\":\"ImageObject\",\"inLanguage\":\"es\",\"@id\":\"https:\/\/miradagrafica.com.mx\/blog\/#\/schema\/logo\/image\/\",\"url\":\"https:\/\/miradagrafica.com.mx\/blog\/wp-content\/uploads\/2023\/08\/mg-logo.png\",\"contentUrl\":\"https:\/\/miradagrafica.com.mx\/blog\/wp-content\/uploads\/2023\/08\/mg-logo.png\",\"width\":1200,\"height\":1200,\"caption\":\"Mirada Gr\u00e1fica\"},\"image\":{\"@id\":\"https:\/\/miradagrafica.com.mx\/blog\/#\/schema\/logo\/image\/\"},\"sameAs\":[\"https:\/\/www.facebook.com\/miradagrafica\"]},{\"@type\":\"Person\",\"@id\":\"https:\/\/miradagrafica.com.mx\/blog\/#\/schema\/person\/95f3262d9f174d91fb6ec401531b5c3b\",\"name\":\"saniv\",\"image\":{\"@type\":\"ImageObject\",\"inLanguage\":\"es\",\"@id\":\"https:\/\/miradagrafica.com.mx\/blog\/#\/schema\/person\/image\/\",\"url\":\"https:\/\/secure.gravatar.com\/avatar\/c35a9db0fdaf7f325b98120d3c4bfff028610b380907b8a8c795585657133819?s=96&d=mm&r=g\",\"contentUrl\":\"https:\/\/secure.gravatar.com\/avatar\/c35a9db0fdaf7f325b98120d3c4bfff028610b380907b8a8c795585657133819?s=96&d=mm&r=g\",\"caption\":\"saniv\"},\"sameAs\":[\"https:\/\/miradagrafica.com.mx\/blog\"],\"url\":\"https:\/\/miradagrafica.com.mx\/blog\/author\/saniv\/\"}]}<\/script>\n<!-- \/ Yoast SEO plugin. -->","yoast_head_json":{"title":"Los Logotipos Cuentan Mucho - Blog Mirada Gr\u00e1fica","robots":{"index":"index","follow":"follow","max-snippet":"max-snippet:-1","max-image-preview":"max-image-preview:large","max-video-preview":"max-video-preview:-1"},"canonical":"https:\/\/miradagrafica.com.mx\/blog\/2023\/07\/29\/los-logotipos-cuentan-mucho\/","og_locale":"es_ES","og_type":"article","og_title":"Los Logotipos Cuentan Mucho - Blog Mirada Gr\u00e1fica","og_description":"Dentro de la terminolog\u00eda del dise\u00f1o gr\u00e1fico es muy frecuente hablar del \u201clogotipo\u201d al referirnos...","og_url":"https:\/\/miradagrafica.com.mx\/blog\/2023\/07\/29\/los-logotipos-cuentan-mucho\/","og_site_name":"Blog Mirada Gr\u00e1fica","article_publisher":"https:\/\/www.facebook.com\/miradagrafica","article_published_time":"2023-07-29T00:34:16+00:00","article_modified_time":"2023-08-23T22:24:29+00:00","og_image":[{"width":1000,"height":800,"url":"https:\/\/miradagrafica.com.mx\/blog\/wp-content\/uploads\/2023\/07\/logos.jpg","type":"image\/jpeg"}],"author":"saniv","twitter_card":"summary_large_image","twitter_misc":{"Escrito por":"saniv","Tiempo de lectura":"4 minutos"},"schema":{"@context":"https:\/\/schema.org","@graph":[{"@type":"Article","@id":"https:\/\/miradagrafica.com.mx\/blog\/2023\/07\/29\/los-logotipos-cuentan-mucho\/#article","isPartOf":{"@id":"https:\/\/miradagrafica.com.mx\/blog\/2023\/07\/29\/los-logotipos-cuentan-mucho\/"},"author":{"name":"saniv","@id":"https:\/\/miradagrafica.com.mx\/blog\/#\/schema\/person\/95f3262d9f174d91fb6ec401531b5c3b"},"headline":"Los Logotipos Cuentan Mucho","datePublished":"2023-07-29T00:34:16+00:00","dateModified":"2023-08-23T22:24:29+00:00","mainEntityOfPage":{"@id":"https:\/\/miradagrafica.com.mx\/blog\/2023\/07\/29\/los-logotipos-cuentan-mucho\/"},"wordCount":779,"publisher":{"@id":"https:\/\/miradagrafica.com.mx\/blog\/#organization"},"image":{"@id":"https:\/\/miradagrafica.com.mx\/blog\/2023\/07\/29\/los-logotipos-cuentan-mucho\/#primaryimage"},"thumbnailUrl":"https:\/\/miradagrafica.com.mx\/blog\/wp-content\/uploads\/2023\/07\/logos.jpg","articleSection":["Imagen Corporativa"],"inLanguage":"es"},{"@type":"WebPage","@id":"https:\/\/miradagrafica.com.mx\/blog\/2023\/07\/29\/los-logotipos-cuentan-mucho\/","url":"https:\/\/miradagrafica.com.mx\/blog\/2023\/07\/29\/los-logotipos-cuentan-mucho\/","name":"Los Logotipos Cuentan Mucho - Blog Mirada Gr\u00e1fica","isPartOf":{"@id":"https:\/\/miradagrafica.com.mx\/blog\/#website"},"primaryImageOfPage":{"@id":"https:\/\/miradagrafica.com.mx\/blog\/2023\/07\/29\/los-logotipos-cuentan-mucho\/#primaryimage"},"image":{"@id":"https:\/\/miradagrafica.com.mx\/blog\/2023\/07\/29\/los-logotipos-cuentan-mucho\/#primaryimage"},"thumbnailUrl":"https:\/\/miradagrafica.com.mx\/blog\/wp-content\/uploads\/2023\/07\/logos.jpg","datePublished":"2023-07-29T00:34:16+00:00","dateModified":"2023-08-23T22:24:29+00:00","breadcrumb":{"@id":"https:\/\/miradagrafica.com.mx\/blog\/2023\/07\/29\/los-logotipos-cuentan-mucho\/#breadcrumb"},"inLanguage":"es","potentialAction":[{"@type":"ReadAction","target":["https:\/\/miradagrafica.com.mx\/blog\/2023\/07\/29\/los-logotipos-cuentan-mucho\/"]}]},{"@type":"ImageObject","inLanguage":"es","@id":"https:\/\/miradagrafica.com.mx\/blog\/2023\/07\/29\/los-logotipos-cuentan-mucho\/#primaryimage","url":"https:\/\/miradagrafica.com.mx\/blog\/wp-content\/uploads\/2023\/07\/logos.jpg","contentUrl":"https:\/\/miradagrafica.com.mx\/blog\/wp-content\/uploads\/2023\/07\/logos.jpg","width":1000,"height":800},{"@type":"BreadcrumbList","@id":"https:\/\/miradagrafica.com.mx\/blog\/2023\/07\/29\/los-logotipos-cuentan-mucho\/#breadcrumb","itemListElement":[{"@type":"ListItem","position":1,"name":"Portada","item":"https:\/\/miradagrafica.com.mx\/blog\/"},{"@type":"ListItem","position":2,"name":"Los Logotipos Cuentan Mucho"}]},{"@type":"WebSite","@id":"https:\/\/miradagrafica.com.mx\/blog\/#website","url":"https:\/\/miradagrafica.com.mx\/blog\/","name":"Blog Mirada Gr\u00e1fica","description":"Especialistas en Imagen Corporativa y Publicidad Digital","publisher":{"@id":"https:\/\/miradagrafica.com.mx\/blog\/#organization"},"potentialAction":[{"@type":"SearchAction","target":{"@type":"EntryPoint","urlTemplate":"https:\/\/miradagrafica.com.mx\/blog\/?s={search_term_string}"},"query-input":{"@type":"PropertyValueSpecification","valueRequired":true,"valueName":"search_term_string"}}],"inLanguage":"es"},{"@type":"Organization","@id":"https:\/\/miradagrafica.com.mx\/blog\/#organization","name":"Mirada Gr\u00e1fica","url":"https:\/\/miradagrafica.com.mx\/blog\/","logo":{"@type":"ImageObject","inLanguage":"es","@id":"https:\/\/miradagrafica.com.mx\/blog\/#\/schema\/logo\/image\/","url":"https:\/\/miradagrafica.com.mx\/blog\/wp-content\/uploads\/2023\/08\/mg-logo.png","contentUrl":"https:\/\/miradagrafica.com.mx\/blog\/wp-content\/uploads\/2023\/08\/mg-logo.png","width":1200,"height":1200,"caption":"Mirada Gr\u00e1fica"},"image":{"@id":"https:\/\/miradagrafica.com.mx\/blog\/#\/schema\/logo\/image\/"},"sameAs":["https:\/\/www.facebook.com\/miradagrafica"]},{"@type":"Person","@id":"https:\/\/miradagrafica.com.mx\/blog\/#\/schema\/person\/95f3262d9f174d91fb6ec401531b5c3b","name":"saniv","image":{"@type":"ImageObject","inLanguage":"es","@id":"https:\/\/miradagrafica.com.mx\/blog\/#\/schema\/person\/image\/","url":"https:\/\/secure.gravatar.com\/avatar\/c35a9db0fdaf7f325b98120d3c4bfff028610b380907b8a8c795585657133819?s=96&d=mm&r=g","contentUrl":"https:\/\/secure.gravatar.com\/avatar\/c35a9db0fdaf7f325b98120d3c4bfff028610b380907b8a8c795585657133819?s=96&d=mm&r=g","caption":"saniv"},"sameAs":["https:\/\/miradagrafica.com.mx\/blog"],"url":"https:\/\/miradagrafica.com.mx\/blog\/author\/saniv\/"}]}},"_links":{"self":[{"href":"https:\/\/miradagrafica.com.mx\/blog\/wp-json\/wp\/v2\/posts\/14","targetHints":{"allow":["GET"]}}],"collection":[{"href":"https:\/\/miradagrafica.com.mx\/blog\/wp-json\/wp\/v2\/posts"}],"about":[{"href":"https:\/\/miradagrafica.com.mx\/blog\/wp-json\/wp\/v2\/types\/post"}],"author":[{"embeddable":true,"href":"https:\/\/miradagrafica.com.mx\/blog\/wp-json\/wp\/v2\/users\/1"}],"replies":[{"embeddable":true,"href":"https:\/\/miradagrafica.com.mx\/blog\/wp-json\/wp\/v2\/comments?post=14"}],"version-history":[{"count":1,"href":"https:\/\/miradagrafica.com.mx\/blog\/wp-json\/wp\/v2\/posts\/14\/revisions"}],"predecessor-version":[{"id":15,"href":"https:\/\/miradagrafica.com.mx\/blog\/wp-json\/wp\/v2\/posts\/14\/revisions\/15"}],"wp:featuredmedia":[{"embeddable":true,"href":"https:\/\/miradagrafica.com.mx\/blog\/wp-json\/wp\/v2\/media\/59"}],"wp:attachment":[{"href":"https:\/\/miradagrafica.com.mx\/blog\/wp-json\/wp\/v2\/media?parent=14"}],"wp:term":[{"taxonomy":"category","embeddable":true,"href":"https:\/\/miradagrafica.com.mx\/blog\/wp-json\/wp\/v2\/categories?post=14"},{"taxonomy":"post_tag","embeddable":true,"href":"https:\/\/miradagrafica.com.mx\/blog\/wp-json\/wp\/v2\/tags?post=14"}],"curies":[{"name":"wp","href":"https:\/\/api.w.org\/{rel}","templated":true}]}}