{"id":25,"date":"2023-07-29T00:59:29","date_gmt":"2023-07-29T00:59:29","guid":{"rendered":"https:\/\/miradagrafica.com.mx\/blog\/?p=25"},"modified":"2023-07-29T00:59:29","modified_gmt":"2023-07-29T00:59:29","slug":"en-los-negocios-y-la-comunicacion-digital-el-primer-lugar-es-para-su-sitio-web-vs-sus-redes-sociales","status":"publish","type":"post","link":"https:\/\/miradagrafica.com.mx\/blog\/2023\/07\/29\/en-los-negocios-y-la-comunicacion-digital-el-primer-lugar-es-para-su-sitio-web-vs-sus-redes-sociales\/","title":{"rendered":"En los negocios y la comunicaci\u00f3n digital el primer lugar es para\u2026 \u00bfsu sitio web VS sus redes sociales?"},"content":{"rendered":"\n<p><strong>Tener presencia en l\u00ednea hoy es esencial, pero la pregunta es: \u00bfse necesita un sitio web o las redes sociales (como Facebook, Twitter, Instagram y LinkedIn) son suficientes?<\/strong><\/p>\n\n\n<div class=\"wp-block-image\">\n<figure class=\"aligncenter size-full\"><img loading=\"lazy\" decoding=\"async\" width=\"589\" height=\"393\" src=\"https:\/\/miradagrafica.com.mx\/blog\/wp-content\/uploads\/2023\/07\/negocios.jpg\" alt=\"\" class=\"wp-image-26\" srcset=\"https:\/\/miradagrafica.com.mx\/blog\/wp-content\/uploads\/2023\/07\/negocios.jpg 589w, https:\/\/miradagrafica.com.mx\/blog\/wp-content\/uploads\/2023\/07\/negocios-300x200.jpg 300w\" sizes=\"auto, (max-width: 589px) 100vw, 589px\" \/><\/figure>\n<\/div>\n\n\n<p>La respuestas es: si usted es due\u00f1o de un negocio, lo que m\u00e1s le conviene es tener un sitio web. Sin embargo, contar con ambos recursos es de lo m\u00e1s recomendable, pero no suponer que las redes sociales pueden sustituir a su sitio web.<\/p>\n\n\n\n<p><strong>Redes sociales<\/strong><\/p>\n\n\n\n<p>Las redes sociales tienen la ventaja de ser mucho m\u00e1s f\u00e1ciles y r\u00e1pidas de configurar y sabemos que poco menos de la mitad de la poblaci\u00f3n mundial est\u00e1 utilizando las redes sociales, es decir, 3,196 millones de personas. Obviamente no va a tener a todos como contactos, pero el dato refleja la popularidad de las redes sociales. La audiencia est\u00e1 all\u00ed y uno de los beneficios m\u00e1s grandes de las redes sociales para los emprendedores es la posibilidad de dar a conocer su marca. Las posibilidades de alcance son infinitas.<\/p>\n\n\n\n<p>Una buena presencia en redes sociales (contenido atractivo y relevante), combinada con una estrategia de publicidad tiene el potencial de aumentar la visibilidad de su marca, llev\u00e1ndola al siguiente nivel.<\/p>\n\n\n\n<p>Pero aunque todo esto suena genial, hay algunas desventajas en las redes sociales que puede compensar con un sitio web.<\/p>\n\n\n\n<p><strong>Tenga su propio sitio web<\/strong><\/p>\n\n\n\n<p>Un sitio web de su propiedad le permite tener control total sobre su marca. La forma en que se ve y lo que dice depende completamente de usted, es la plataforma definitiva para reflejar exactamente qui\u00e9n es usted, por qu\u00e9 hace lo que hace, qu\u00e9 lo hace diferente y el valor que proporciona.<\/p>\n\n\n\n<p>Adem\u00e1s de esto, tener un sitio web le brinda seguridad y certeza, no tiene que preocuparse de que se cierre. Mientras pague su dominio y su servicio de hosting, siempre estar\u00e1 all\u00ed.<\/p>\n\n\n\n<p>Usted tiene un espacio en el que puede producir informaci\u00f3n exclusiva de su marca y contenidos que se traducen en la oportunidad de posicionarse en los motores de b\u00fasqueda con palabras clave espec\u00edficas, relacionadas con sus servicios o producto.<\/p>\n\n\n\n<ul class=\"wp-block-list\">\n<li><\/li>\n<\/ul>\n\n\n\n<p><strong>12 pros adicionales de tener su propio sitio web:<\/strong><\/p>\n\n\n\n<ol class=\"wp-block-list\" type=\"1\" start=\"1\">\n<li>Es perfecto para referencias: sus clientes pueden recomendar su negocio a sus amigos y con solo pasarles el link de su sitio web tendr\u00e1n acceso a absolutamente todo sobre su empresa.<\/li>\n\n\n\n<li>Es muy f\u00e1cil de actualizar ya que es digital, esto no se conseguir\u00eda si quiere cambiar la apariencia de su oficina o local de un d\u00eda a otro.<\/li>\n\n\n\n<li>Establece confianza a su audiencia y genera posicionamiento de marca.<\/li>\n\n\n\n<li>Las direcciones de correo electr\u00f3nico personalizadas bajo su nombre (dominio) tambi\u00e9n son excelentes para el tema de la credibilidad.<\/li>\n\n\n\n<li>Justamente, por su propio e mail, puede enviar actualizaciones o promociones a su base de clientes.<\/li>\n\n\n\n<li>Le proporciona alta rentabilidad. La construcci\u00f3n de un sitio web suele ser una tarifa \u00fanica y as\u00ed tendr\u00e1 un hogar para su marca que puede ir mejorando o actualizando cada cierto tiempo.<\/li>\n\n\n\n<li>Cuenta con atractivas opciones relacionadas con el aspecto, la percepci\u00f3n y las caracter\u00edsticas de su sitio, sobre todo si trabaja con un proveedor profesional en dise\u00f1o, programaci\u00f3n y mantenimiento de sitios web.<\/li>\n\n\n\n<li>Puede presentar su marca de manera m\u00e1s creativa agregando videos, blogs, &nbsp;&nbsp;&nbsp;&nbsp;&nbsp; comentarios de clientes y preguntas frecuentes. Pr\u00e1cticamente no hay l\u00edmite al ingenio.<\/li>\n\n\n\n<li>Reducci\u00f3n de los costos operativos: puede montar una tienda en l\u00ednea y as\u00ed reducir los enormes costos operativos de una lugar f\u00edsico (renta, sueldos y hasta asuntos de inseguridad) y siempre mantenerse presente en \u00e9poca de contingencia, como la generada por el COVID 19.<\/li>\n\n\n\n<li>Su sitio en l\u00ednea est\u00e1 disponible las 24 horas del d\u00eda<\/li>\n\n\n\n<li>Puede rastrear toda la actividad en su sitio: de d\u00f3nde vienen sus visitantes, cu\u00e1nto &nbsp;&nbsp;&nbsp;&nbsp;&nbsp; tiempo permanecieron en cada una de sus secciones, cu\u00e1ntas personas visitaron su sitio, c\u00f3mo lo encontraron y cu\u00e1ntas personas le enviaron mensajes o le enviaron correos electr\u00f3nicos. Esto hace que un sitio web sea perfecto para an\u00e1lisis e informes detallados de sus buyer personas.<\/li>\n\n\n\n<li>Incremento en el volumen de ventas: cuanto m\u00e1s persuasivo y relevante sea su sitio, m\u00e1s visitantes obtendr\u00e1 y cuanto mayor sea el ranking en los motores de b\u00fasqueda, m\u00e1s probabilidades tendr\u00e1 de realizar ventas.<\/li>\n<\/ol>\n\n\n\n<p><strong>Todo esto nos lleva a concluir\u2026<\/strong><\/p>\n\n\n\n<p>Que su sitio web debe ser el coraz\u00f3n de su presencia en l\u00ednea y que las redes sociales deben ir de la mano, esta suma es crucial para el \u00e9xito en l\u00ednea en la era moderna. Idealmente, las redes sociales deber\u00edan usarse como una plataforma para propulsar el tr\u00e1fico hacia su sitio web.<\/p>\n\n\n\n<p><strong>Por otro lado, su p\u00e1gina web puede \u2013y debe\u2013 estar enriquecida por<\/strong><\/p>\n\n\n\n<p>\u00b7 copy producido especialmente para sus clientes<\/p>\n\n\n\n<p>\u00b7 mensajes emocionales<\/p>\n\n\n\n<p>\u00b7 descripci\u00f3n clara de sus servicios o productos<\/p>\n\n\n\n<p>\u00b7 contenidos interactivos<\/p>\n\n\n\n<p><strong>No lo olvide, en la actualidad su sitio web cobra m\u00e1s importancia que nunca ya que supone la v\u00eda principal de entrada de prospectos y clientes potenciales para su empresa.<\/strong><\/p>\n","protected":false},"excerpt":{"rendered":"<p>Tener presencia en l\u00ednea hoy es esencial, pero la pregunta es: \u00bfse necesita un sitio&#8230;<\/p>\n","protected":false},"author":1,"featured_media":26,"comment_status":"closed","ping_status":"closed","sticky":false,"template":"","format":"standard","meta":{"footnotes":""},"categories":[8],"tags":[],"class_list":["post-25","post","type-post","status-publish","format-standard","has-post-thumbnail","hentry","category-negocios"],"yoast_head":"<!-- This site is optimized with the Yoast SEO plugin v25.3.1 - https:\/\/yoast.com\/wordpress\/plugins\/seo\/ -->\n<title>En los negocios y la comunicaci\u00f3n digital el primer lugar es para\u2026 \u00bfsu sitio web VS sus redes sociales? - Blog Mirada Gr\u00e1fica<\/title>\n<meta name=\"robots\" content=\"index, follow, max-snippet:-1, max-image-preview:large, max-video-preview:-1\" \/>\n<link rel=\"canonical\" href=\"https:\/\/miradagrafica.com.mx\/blog\/2023\/07\/29\/en-los-negocios-y-la-comunicacion-digital-el-primer-lugar-es-para-su-sitio-web-vs-sus-redes-sociales\/\" \/>\n<meta property=\"og:locale\" content=\"es_ES\" \/>\n<meta property=\"og:type\" content=\"article\" \/>\n<meta property=\"og:title\" content=\"En los negocios y la comunicaci\u00f3n digital el primer lugar es para\u2026 \u00bfsu sitio web VS sus redes sociales? - Blog Mirada Gr\u00e1fica\" \/>\n<meta property=\"og:description\" content=\"Tener presencia en l\u00ednea hoy es esencial, pero la pregunta es: \u00bfse necesita un sitio...\" \/>\n<meta property=\"og:url\" content=\"https:\/\/miradagrafica.com.mx\/blog\/2023\/07\/29\/en-los-negocios-y-la-comunicacion-digital-el-primer-lugar-es-para-su-sitio-web-vs-sus-redes-sociales\/\" \/>\n<meta property=\"og:site_name\" content=\"Blog Mirada Gr\u00e1fica\" \/>\n<meta property=\"article:publisher\" content=\"https:\/\/www.facebook.com\/miradagrafica\" \/>\n<meta property=\"article:published_time\" content=\"2023-07-29T00:59:29+00:00\" \/>\n<meta property=\"og:image\" content=\"https:\/\/miradagrafica.com.mx\/blog\/wp-content\/uploads\/2023\/07\/negocios.jpg\" \/>\n\t<meta property=\"og:image:width\" content=\"589\" \/>\n\t<meta property=\"og:image:height\" content=\"393\" \/>\n\t<meta property=\"og:image:type\" content=\"image\/jpeg\" \/>\n<meta name=\"author\" content=\"saniv\" \/>\n<meta name=\"twitter:card\" content=\"summary_large_image\" \/>\n<meta name=\"twitter:label1\" content=\"Escrito por\" \/>\n\t<meta name=\"twitter:data1\" content=\"saniv\" \/>\n\t<meta name=\"twitter:label2\" content=\"Tiempo de lectura\" \/>\n\t<meta name=\"twitter:data2\" content=\"4 minutos\" \/>\n<script type=\"application\/ld+json\" class=\"yoast-schema-graph\">{\"@context\":\"https:\/\/schema.org\",\"@graph\":[{\"@type\":\"Article\",\"@id\":\"https:\/\/miradagrafica.com.mx\/blog\/2023\/07\/29\/en-los-negocios-y-la-comunicacion-digital-el-primer-lugar-es-para-su-sitio-web-vs-sus-redes-sociales\/#article\",\"isPartOf\":{\"@id\":\"https:\/\/miradagrafica.com.mx\/blog\/2023\/07\/29\/en-los-negocios-y-la-comunicacion-digital-el-primer-lugar-es-para-su-sitio-web-vs-sus-redes-sociales\/\"},\"author\":{\"name\":\"saniv\",\"@id\":\"https:\/\/miradagrafica.com.mx\/blog\/#\/schema\/person\/95f3262d9f174d91fb6ec401531b5c3b\"},\"headline\":\"En los negocios y la comunicaci\u00f3n digital el primer lugar es para\u2026 \u00bfsu sitio web VS sus redes sociales?\",\"datePublished\":\"2023-07-29T00:59:29+00:00\",\"mainEntityOfPage\":{\"@id\":\"https:\/\/miradagrafica.com.mx\/blog\/2023\/07\/29\/en-los-negocios-y-la-comunicacion-digital-el-primer-lugar-es-para-su-sitio-web-vs-sus-redes-sociales\/\"},\"wordCount\":888,\"publisher\":{\"@id\":\"https:\/\/miradagrafica.com.mx\/blog\/#organization\"},\"image\":{\"@id\":\"https:\/\/miradagrafica.com.mx\/blog\/2023\/07\/29\/en-los-negocios-y-la-comunicacion-digital-el-primer-lugar-es-para-su-sitio-web-vs-sus-redes-sociales\/#primaryimage\"},\"thumbnailUrl\":\"https:\/\/miradagrafica.com.mx\/blog\/wp-content\/uploads\/2023\/07\/negocios.jpg\",\"articleSection\":[\"Negocios\"],\"inLanguage\":\"es\"},{\"@type\":\"WebPage\",\"@id\":\"https:\/\/miradagrafica.com.mx\/blog\/2023\/07\/29\/en-los-negocios-y-la-comunicacion-digital-el-primer-lugar-es-para-su-sitio-web-vs-sus-redes-sociales\/\",\"url\":\"https:\/\/miradagrafica.com.mx\/blog\/2023\/07\/29\/en-los-negocios-y-la-comunicacion-digital-el-primer-lugar-es-para-su-sitio-web-vs-sus-redes-sociales\/\",\"name\":\"En los negocios y la comunicaci\u00f3n digital el primer lugar es para\u2026 \u00bfsu sitio web VS sus redes sociales? - Blog Mirada Gr\u00e1fica\",\"isPartOf\":{\"@id\":\"https:\/\/miradagrafica.com.mx\/blog\/#website\"},\"primaryImageOfPage\":{\"@id\":\"https:\/\/miradagrafica.com.mx\/blog\/2023\/07\/29\/en-los-negocios-y-la-comunicacion-digital-el-primer-lugar-es-para-su-sitio-web-vs-sus-redes-sociales\/#primaryimage\"},\"image\":{\"@id\":\"https:\/\/miradagrafica.com.mx\/blog\/2023\/07\/29\/en-los-negocios-y-la-comunicacion-digital-el-primer-lugar-es-para-su-sitio-web-vs-sus-redes-sociales\/#primaryimage\"},\"thumbnailUrl\":\"https:\/\/miradagrafica.com.mx\/blog\/wp-content\/uploads\/2023\/07\/negocios.jpg\",\"datePublished\":\"2023-07-29T00:59:29+00:00\",\"breadcrumb\":{\"@id\":\"https:\/\/miradagrafica.com.mx\/blog\/2023\/07\/29\/en-los-negocios-y-la-comunicacion-digital-el-primer-lugar-es-para-su-sitio-web-vs-sus-redes-sociales\/#breadcrumb\"},\"inLanguage\":\"es\",\"potentialAction\":[{\"@type\":\"ReadAction\",\"target\":[\"https:\/\/miradagrafica.com.mx\/blog\/2023\/07\/29\/en-los-negocios-y-la-comunicacion-digital-el-primer-lugar-es-para-su-sitio-web-vs-sus-redes-sociales\/\"]}]},{\"@type\":\"ImageObject\",\"inLanguage\":\"es\",\"@id\":\"https:\/\/miradagrafica.com.mx\/blog\/2023\/07\/29\/en-los-negocios-y-la-comunicacion-digital-el-primer-lugar-es-para-su-sitio-web-vs-sus-redes-sociales\/#primaryimage\",\"url\":\"https:\/\/miradagrafica.com.mx\/blog\/wp-content\/uploads\/2023\/07\/negocios.jpg\",\"contentUrl\":\"https:\/\/miradagrafica.com.mx\/blog\/wp-content\/uploads\/2023\/07\/negocios.jpg\",\"width\":589,\"height\":393},{\"@type\":\"BreadcrumbList\",\"@id\":\"https:\/\/miradagrafica.com.mx\/blog\/2023\/07\/29\/en-los-negocios-y-la-comunicacion-digital-el-primer-lugar-es-para-su-sitio-web-vs-sus-redes-sociales\/#breadcrumb\",\"itemListElement\":[{\"@type\":\"ListItem\",\"position\":1,\"name\":\"Portada\",\"item\":\"https:\/\/miradagrafica.com.mx\/blog\/\"},{\"@type\":\"ListItem\",\"position\":2,\"name\":\"En los negocios y la comunicaci\u00f3n digital el primer lugar es para\u2026 \u00bfsu sitio web VS sus redes sociales?\"}]},{\"@type\":\"WebSite\",\"@id\":\"https:\/\/miradagrafica.com.mx\/blog\/#website\",\"url\":\"https:\/\/miradagrafica.com.mx\/blog\/\",\"name\":\"Blog Mirada Gr\u00e1fica\",\"description\":\"Especialistas en Imagen Corporativa y Publicidad Digital\",\"publisher\":{\"@id\":\"https:\/\/miradagrafica.com.mx\/blog\/#organization\"},\"potentialAction\":[{\"@type\":\"SearchAction\",\"target\":{\"@type\":\"EntryPoint\",\"urlTemplate\":\"https:\/\/miradagrafica.com.mx\/blog\/?s={search_term_string}\"},\"query-input\":{\"@type\":\"PropertyValueSpecification\",\"valueRequired\":true,\"valueName\":\"search_term_string\"}}],\"inLanguage\":\"es\"},{\"@type\":\"Organization\",\"@id\":\"https:\/\/miradagrafica.com.mx\/blog\/#organization\",\"name\":\"Mirada Gr\u00e1fica\",\"url\":\"https:\/\/miradagrafica.com.mx\/blog\/\",\"logo\":{\"@type\":\"ImageObject\",\"inLanguage\":\"es\",\"@id\":\"https:\/\/miradagrafica.com.mx\/blog\/#\/schema\/logo\/image\/\",\"url\":\"https:\/\/miradagrafica.com.mx\/blog\/wp-content\/uploads\/2023\/08\/mg-logo.png\",\"contentUrl\":\"https:\/\/miradagrafica.com.mx\/blog\/wp-content\/uploads\/2023\/08\/mg-logo.png\",\"width\":1200,\"height\":1200,\"caption\":\"Mirada Gr\u00e1fica\"},\"image\":{\"@id\":\"https:\/\/miradagrafica.com.mx\/blog\/#\/schema\/logo\/image\/\"},\"sameAs\":[\"https:\/\/www.facebook.com\/miradagrafica\"]},{\"@type\":\"Person\",\"@id\":\"https:\/\/miradagrafica.com.mx\/blog\/#\/schema\/person\/95f3262d9f174d91fb6ec401531b5c3b\",\"name\":\"saniv\",\"image\":{\"@type\":\"ImageObject\",\"inLanguage\":\"es\",\"@id\":\"https:\/\/miradagrafica.com.mx\/blog\/#\/schema\/person\/image\/\",\"url\":\"https:\/\/secure.gravatar.com\/avatar\/c35a9db0fdaf7f325b98120d3c4bfff028610b380907b8a8c795585657133819?s=96&d=mm&r=g\",\"contentUrl\":\"https:\/\/secure.gravatar.com\/avatar\/c35a9db0fdaf7f325b98120d3c4bfff028610b380907b8a8c795585657133819?s=96&d=mm&r=g\",\"caption\":\"saniv\"},\"sameAs\":[\"https:\/\/miradagrafica.com.mx\/blog\"],\"url\":\"https:\/\/miradagrafica.com.mx\/blog\/author\/saniv\/\"}]}<\/script>\n<!-- \/ Yoast SEO plugin. -->","yoast_head_json":{"title":"En los negocios y la comunicaci\u00f3n digital el primer lugar es para\u2026 \u00bfsu sitio web VS sus redes sociales? - Blog Mirada Gr\u00e1fica","robots":{"index":"index","follow":"follow","max-snippet":"max-snippet:-1","max-image-preview":"max-image-preview:large","max-video-preview":"max-video-preview:-1"},"canonical":"https:\/\/miradagrafica.com.mx\/blog\/2023\/07\/29\/en-los-negocios-y-la-comunicacion-digital-el-primer-lugar-es-para-su-sitio-web-vs-sus-redes-sociales\/","og_locale":"es_ES","og_type":"article","og_title":"En los negocios y la comunicaci\u00f3n digital el primer lugar es para\u2026 \u00bfsu sitio web VS sus redes sociales? - Blog Mirada Gr\u00e1fica","og_description":"Tener presencia en l\u00ednea hoy es esencial, pero la pregunta es: \u00bfse necesita un sitio...","og_url":"https:\/\/miradagrafica.com.mx\/blog\/2023\/07\/29\/en-los-negocios-y-la-comunicacion-digital-el-primer-lugar-es-para-su-sitio-web-vs-sus-redes-sociales\/","og_site_name":"Blog Mirada Gr\u00e1fica","article_publisher":"https:\/\/www.facebook.com\/miradagrafica","article_published_time":"2023-07-29T00:59:29+00:00","og_image":[{"width":589,"height":393,"url":"https:\/\/miradagrafica.com.mx\/blog\/wp-content\/uploads\/2023\/07\/negocios.jpg","type":"image\/jpeg"}],"author":"saniv","twitter_card":"summary_large_image","twitter_misc":{"Escrito por":"saniv","Tiempo de lectura":"4 minutos"},"schema":{"@context":"https:\/\/schema.org","@graph":[{"@type":"Article","@id":"https:\/\/miradagrafica.com.mx\/blog\/2023\/07\/29\/en-los-negocios-y-la-comunicacion-digital-el-primer-lugar-es-para-su-sitio-web-vs-sus-redes-sociales\/#article","isPartOf":{"@id":"https:\/\/miradagrafica.com.mx\/blog\/2023\/07\/29\/en-los-negocios-y-la-comunicacion-digital-el-primer-lugar-es-para-su-sitio-web-vs-sus-redes-sociales\/"},"author":{"name":"saniv","@id":"https:\/\/miradagrafica.com.mx\/blog\/#\/schema\/person\/95f3262d9f174d91fb6ec401531b5c3b"},"headline":"En los negocios y la comunicaci\u00f3n digital el primer lugar es para\u2026 \u00bfsu sitio web VS sus redes sociales?","datePublished":"2023-07-29T00:59:29+00:00","mainEntityOfPage":{"@id":"https:\/\/miradagrafica.com.mx\/blog\/2023\/07\/29\/en-los-negocios-y-la-comunicacion-digital-el-primer-lugar-es-para-su-sitio-web-vs-sus-redes-sociales\/"},"wordCount":888,"publisher":{"@id":"https:\/\/miradagrafica.com.mx\/blog\/#organization"},"image":{"@id":"https:\/\/miradagrafica.com.mx\/blog\/2023\/07\/29\/en-los-negocios-y-la-comunicacion-digital-el-primer-lugar-es-para-su-sitio-web-vs-sus-redes-sociales\/#primaryimage"},"thumbnailUrl":"https:\/\/miradagrafica.com.mx\/blog\/wp-content\/uploads\/2023\/07\/negocios.jpg","articleSection":["Negocios"],"inLanguage":"es"},{"@type":"WebPage","@id":"https:\/\/miradagrafica.com.mx\/blog\/2023\/07\/29\/en-los-negocios-y-la-comunicacion-digital-el-primer-lugar-es-para-su-sitio-web-vs-sus-redes-sociales\/","url":"https:\/\/miradagrafica.com.mx\/blog\/2023\/07\/29\/en-los-negocios-y-la-comunicacion-digital-el-primer-lugar-es-para-su-sitio-web-vs-sus-redes-sociales\/","name":"En los negocios y la comunicaci\u00f3n digital el primer lugar es para\u2026 \u00bfsu sitio web VS sus redes sociales? - Blog Mirada Gr\u00e1fica","isPartOf":{"@id":"https:\/\/miradagrafica.com.mx\/blog\/#website"},"primaryImageOfPage":{"@id":"https:\/\/miradagrafica.com.mx\/blog\/2023\/07\/29\/en-los-negocios-y-la-comunicacion-digital-el-primer-lugar-es-para-su-sitio-web-vs-sus-redes-sociales\/#primaryimage"},"image":{"@id":"https:\/\/miradagrafica.com.mx\/blog\/2023\/07\/29\/en-los-negocios-y-la-comunicacion-digital-el-primer-lugar-es-para-su-sitio-web-vs-sus-redes-sociales\/#primaryimage"},"thumbnailUrl":"https:\/\/miradagrafica.com.mx\/blog\/wp-content\/uploads\/2023\/07\/negocios.jpg","datePublished":"2023-07-29T00:59:29+00:00","breadcrumb":{"@id":"https:\/\/miradagrafica.com.mx\/blog\/2023\/07\/29\/en-los-negocios-y-la-comunicacion-digital-el-primer-lugar-es-para-su-sitio-web-vs-sus-redes-sociales\/#breadcrumb"},"inLanguage":"es","potentialAction":[{"@type":"ReadAction","target":["https:\/\/miradagrafica.com.mx\/blog\/2023\/07\/29\/en-los-negocios-y-la-comunicacion-digital-el-primer-lugar-es-para-su-sitio-web-vs-sus-redes-sociales\/"]}]},{"@type":"ImageObject","inLanguage":"es","@id":"https:\/\/miradagrafica.com.mx\/blog\/2023\/07\/29\/en-los-negocios-y-la-comunicacion-digital-el-primer-lugar-es-para-su-sitio-web-vs-sus-redes-sociales\/#primaryimage","url":"https:\/\/miradagrafica.com.mx\/blog\/wp-content\/uploads\/2023\/07\/negocios.jpg","contentUrl":"https:\/\/miradagrafica.com.mx\/blog\/wp-content\/uploads\/2023\/07\/negocios.jpg","width":589,"height":393},{"@type":"BreadcrumbList","@id":"https:\/\/miradagrafica.com.mx\/blog\/2023\/07\/29\/en-los-negocios-y-la-comunicacion-digital-el-primer-lugar-es-para-su-sitio-web-vs-sus-redes-sociales\/#breadcrumb","itemListElement":[{"@type":"ListItem","position":1,"name":"Portada","item":"https:\/\/miradagrafica.com.mx\/blog\/"},{"@type":"ListItem","position":2,"name":"En los negocios y la comunicaci\u00f3n digital el primer lugar es para\u2026 \u00bfsu sitio web VS sus redes sociales?"}]},{"@type":"WebSite","@id":"https:\/\/miradagrafica.com.mx\/blog\/#website","url":"https:\/\/miradagrafica.com.mx\/blog\/","name":"Blog Mirada Gr\u00e1fica","description":"Especialistas en Imagen Corporativa y Publicidad Digital","publisher":{"@id":"https:\/\/miradagrafica.com.mx\/blog\/#organization"},"potentialAction":[{"@type":"SearchAction","target":{"@type":"EntryPoint","urlTemplate":"https:\/\/miradagrafica.com.mx\/blog\/?s={search_term_string}"},"query-input":{"@type":"PropertyValueSpecification","valueRequired":true,"valueName":"search_term_string"}}],"inLanguage":"es"},{"@type":"Organization","@id":"https:\/\/miradagrafica.com.mx\/blog\/#organization","name":"Mirada Gr\u00e1fica","url":"https:\/\/miradagrafica.com.mx\/blog\/","logo":{"@type":"ImageObject","inLanguage":"es","@id":"https:\/\/miradagrafica.com.mx\/blog\/#\/schema\/logo\/image\/","url":"https:\/\/miradagrafica.com.mx\/blog\/wp-content\/uploads\/2023\/08\/mg-logo.png","contentUrl":"https:\/\/miradagrafica.com.mx\/blog\/wp-content\/uploads\/2023\/08\/mg-logo.png","width":1200,"height":1200,"caption":"Mirada Gr\u00e1fica"},"image":{"@id":"https:\/\/miradagrafica.com.mx\/blog\/#\/schema\/logo\/image\/"},"sameAs":["https:\/\/www.facebook.com\/miradagrafica"]},{"@type":"Person","@id":"https:\/\/miradagrafica.com.mx\/blog\/#\/schema\/person\/95f3262d9f174d91fb6ec401531b5c3b","name":"saniv","image":{"@type":"ImageObject","inLanguage":"es","@id":"https:\/\/miradagrafica.com.mx\/blog\/#\/schema\/person\/image\/","url":"https:\/\/secure.gravatar.com\/avatar\/c35a9db0fdaf7f325b98120d3c4bfff028610b380907b8a8c795585657133819?s=96&d=mm&r=g","contentUrl":"https:\/\/secure.gravatar.com\/avatar\/c35a9db0fdaf7f325b98120d3c4bfff028610b380907b8a8c795585657133819?s=96&d=mm&r=g","caption":"saniv"},"sameAs":["https:\/\/miradagrafica.com.mx\/blog"],"url":"https:\/\/miradagrafica.com.mx\/blog\/author\/saniv\/"}]}},"_links":{"self":[{"href":"https:\/\/miradagrafica.com.mx\/blog\/wp-json\/wp\/v2\/posts\/25","targetHints":{"allow":["GET"]}}],"collection":[{"href":"https:\/\/miradagrafica.com.mx\/blog\/wp-json\/wp\/v2\/posts"}],"about":[{"href":"https:\/\/miradagrafica.com.mx\/blog\/wp-json\/wp\/v2\/types\/post"}],"author":[{"embeddable":true,"href":"https:\/\/miradagrafica.com.mx\/blog\/wp-json\/wp\/v2\/users\/1"}],"replies":[{"embeddable":true,"href":"https:\/\/miradagrafica.com.mx\/blog\/wp-json\/wp\/v2\/comments?post=25"}],"version-history":[{"count":1,"href":"https:\/\/miradagrafica.com.mx\/blog\/wp-json\/wp\/v2\/posts\/25\/revisions"}],"predecessor-version":[{"id":27,"href":"https:\/\/miradagrafica.com.mx\/blog\/wp-json\/wp\/v2\/posts\/25\/revisions\/27"}],"wp:featuredmedia":[{"embeddable":true,"href":"https:\/\/miradagrafica.com.mx\/blog\/wp-json\/wp\/v2\/media\/26"}],"wp:attachment":[{"href":"https:\/\/miradagrafica.com.mx\/blog\/wp-json\/wp\/v2\/media?parent=25"}],"wp:term":[{"taxonomy":"category","embeddable":true,"href":"https:\/\/miradagrafica.com.mx\/blog\/wp-json\/wp\/v2\/categories?post=25"},{"taxonomy":"post_tag","embeddable":true,"href":"https:\/\/miradagrafica.com.mx\/blog\/wp-json\/wp\/v2\/tags?post=25"}],"curies":[{"name":"wp","href":"https:\/\/api.w.org\/{rel}","templated":true}]}}