{"id":28,"date":"2023-07-29T01:05:16","date_gmt":"2023-07-29T01:05:16","guid":{"rendered":"https:\/\/miradagrafica.com.mx\/blog\/?p=28"},"modified":"2023-08-23T21:55:05","modified_gmt":"2023-08-23T21:55:05","slug":"home-office-ahora-mi-jefe-se-mete-hasta-la-cocina","status":"publish","type":"post","link":"https:\/\/miradagrafica.com.mx\/blog\/2023\/07\/29\/home-office-ahora-mi-jefe-se-mete-hasta-la-cocina\/","title":{"rendered":"Home Office: ahora mi jefe se mete hasta la cocina"},"content":{"rendered":"\n<p>M\u00e9xico, y pr\u00e1cticamente todas las naciones del globo, est\u00e1 enfrentando una impronta que nos tom\u00f3 por sorpresa a todos, estamos viviendo&nbsp; \u2013sobreviviendo a\u2013 una nueva realidad en todo sentido. La pandemia provocada por el coronavirus parece que no tiene fecha de salida. Se trata de un fen\u00f3meno inicialmente sanitario pero que ha cambiado la manera de relacionarnos, la forma en la que compramos y, por supuesto, la manera en la que trabajamos.<\/p>\n\n\n\n<h3 class=\"wp-block-heading\">En mi casa mando yo?<\/h3>\n\n\n\n<p>Concretamente en este sentido, un cambio radical para muchos ha sido el aspecto laboral: mudarse de la oficina en alguna zona corporativa de la Ciudad de M\u00e9xico a la sala o el comedor de la casa o el departamento, para enfrentarse cara a cara, y casi de un d\u00eda para el otro, con el famoso&nbsp;<em>home office<\/em>.<\/p>\n\n\n\n<p>Y muy pronto surgi\u00f3 una pregunta que sigue en el aire: \u00bfel home office, ahora s\u00ed, se quedar\u00e1 despu\u00e9s de la pandemia? Ante la amenaza sanitaria y el deprimente clima econ\u00f3mico parece ser que muchas micro empresas y Pymes est\u00e1n adoptando cada vez m\u00e1s este modo de trabajar.<\/p>\n\n\n\n<p>Seg\u00fan Reporte \u00cdndigo estas son dos de las principales ventajas del home office:<\/p>\n\n\n\n<p><strong>1. &nbsp;&nbsp;&nbsp;&nbsp; El home office mejora hasta 28 por ciento la productividad de los&nbsp;<\/strong>trabajadores.<\/p>\n\n\n\n<p><strong>2. &nbsp;&nbsp;&nbsp;&nbsp; Los ahorros para los compa\u00f1\u00edas pueden superar los 925 mil pesos al a\u00f1o, dependiendo de su tama\u00f1o.<\/strong><\/p>\n\n\n\n<p>La revista tambi\u00e9n se\u00f1ala que estimaciones de compa\u00f1\u00edas dedicadas a la atracci\u00f3n de talento indican que actualmente 90 por ciento de las empresas hacen uso del trabajo a distancia. Comparativamente, antes de la pandemia solo 60 por ciento laboraba mediante este esquema.<\/p>\n\n\n\n<h3 class=\"wp-block-heading\">Pero al parecer no todo es miel sobre hojuelas<\/h3>\n\n\n\n<p>Muchos empleados se\u00f1alan que con la modalidad de home office se les ha incrementado la carga de trabajo, incluso algunos portales se\u00f1alan que un trabajador pasa hasta 5 horas m\u00e1s laborando en su jornada \u201chogare\u00f1a\u201d, lo cual reduce la calidad de vida, puede provocar da\u00f1os a la salud por la falta de movimiento e incrementar el sobrepeso.<\/p>\n\n\n\n<p>Me ha tocado escuchar a varios clientes m\u00edos decir que trabajan m\u00e1s estando en casa\u2026 ya sea por sobrecarga provocada por sus jefes o por una falta de establecimiento de l\u00edmites y organizaci\u00f3n del tiempo.<\/p>\n\n\n\n<p>Esto que nos toca vivir hoy es de tal tama\u00f1o que me parece que, sin lugar a dudas, el home office levanta la mano para quedarse despu\u00e9s de la pandemia. Pero, tomando las cosas con calma, tal vez un esquema mixto parece ser una opci\u00f3n muy aceptable en el que muchos empleados desean estar de base trabajando en casa pero con la oportunidad de asistir cuando lo necesiten a la oficina, para no perder los lazos sociales y profesionales con el equipo de trabajo.<\/p>\n\n\n\n<h3 class=\"wp-block-heading\">\u00a1Pero nadie contaba con mi astucia!<\/h3>\n\n\n\n<p>En Mirada Gr\u00e1fica el&nbsp;<em>coworking<\/em>&nbsp;nos permite ir a la oficina solo cuando lo necesitamos y esta modalidad la hemos empleado desde hace varios a\u00f1os. Nos resulta m\u00e1s c\u00f3modo y, sobre todo, optimiza tiempos y esfuerzos a favor de nuestro equipo y de nuestros clientes. \u00a1Somos un grupo eficiente!<\/p>\n\n\n\n<p>\u00bfQu\u00e9 tal te caer\u00edan algunas pistas para hacer m\u00e1s eficiente tu trabajo en casa? Mira&nbsp;<a href=\"http:\/\/web.archive.org\/web\/20220809132524\/http:\/blog.miradagrafica.com.mx\/home-office-10-tips-para-descubrir-sus-ventajas\/\">Home office: 10 tips para descubrir sus ventajas<\/a><\/p>\n\n\n\n<p><em>Moraleja: preg\u00fantate si en estos tiempos aplica eso de que al trabajar en casa eres tu propio jefe\u2026 lo que hay que agradecer es que, sea como sea, podemos conservar la chamba.<\/em><\/p>\n","protected":false},"excerpt":{"rendered":"<p>M\u00e9xico, y pr\u00e1cticamente todas las naciones del globo, est\u00e1 enfrentando una impronta que nos tom\u00f3&#8230;<\/p>\n","protected":false},"author":1,"featured_media":54,"comment_status":"closed","ping_status":"closed","sticky":false,"template":"","format":"standard","meta":{"footnotes":""},"categories":[8],"tags":[13],"class_list":["post-28","post","type-post","status-publish","format-standard","has-post-thumbnail","hentry","category-negocios","tag-home-office"],"yoast_head":"<!-- This site is optimized with the Yoast SEO plugin v25.3.1 - https:\/\/yoast.com\/wordpress\/plugins\/seo\/ -->\n<title>Home Office: ahora mi jefe se mete hasta la cocina - Blog Mirada Gr\u00e1fica<\/title>\n<meta name=\"robots\" content=\"index, follow, max-snippet:-1, max-image-preview:large, max-video-preview:-1\" \/>\n<link rel=\"canonical\" href=\"https:\/\/miradagrafica.com.mx\/blog\/2023\/07\/29\/home-office-ahora-mi-jefe-se-mete-hasta-la-cocina\/\" \/>\n<meta property=\"og:locale\" content=\"es_ES\" \/>\n<meta property=\"og:type\" content=\"article\" \/>\n<meta property=\"og:title\" content=\"Home Office: ahora mi jefe se mete hasta la cocina - Blog Mirada Gr\u00e1fica\" \/>\n<meta property=\"og:description\" content=\"M\u00e9xico, y pr\u00e1cticamente todas las naciones del globo, est\u00e1 enfrentando una impronta que nos tom\u00f3...\" \/>\n<meta property=\"og:url\" content=\"https:\/\/miradagrafica.com.mx\/blog\/2023\/07\/29\/home-office-ahora-mi-jefe-se-mete-hasta-la-cocina\/\" \/>\n<meta property=\"og:site_name\" content=\"Blog Mirada Gr\u00e1fica\" \/>\n<meta property=\"article:publisher\" content=\"https:\/\/www.facebook.com\/miradagrafica\" \/>\n<meta property=\"article:published_time\" content=\"2023-07-29T01:05:16+00:00\" \/>\n<meta property=\"article:modified_time\" content=\"2023-08-23T21:55:05+00:00\" \/>\n<meta property=\"og:image\" content=\"https:\/\/miradagrafica.com.mx\/blog\/wp-content\/uploads\/2023\/07\/home-office-1.jpg\" \/>\n\t<meta property=\"og:image:width\" content=\"1000\" \/>\n\t<meta property=\"og:image:height\" content=\"800\" \/>\n\t<meta property=\"og:image:type\" content=\"image\/jpeg\" \/>\n<meta name=\"author\" content=\"saniv\" \/>\n<meta name=\"twitter:card\" content=\"summary_large_image\" \/>\n<meta name=\"twitter:label1\" content=\"Escrito por\" \/>\n\t<meta name=\"twitter:data1\" content=\"saniv\" \/>\n\t<meta name=\"twitter:label2\" content=\"Tiempo de lectura\" \/>\n\t<meta name=\"twitter:data2\" content=\"3 minutos\" \/>\n<script type=\"application\/ld+json\" class=\"yoast-schema-graph\">{\"@context\":\"https:\/\/schema.org\",\"@graph\":[{\"@type\":\"Article\",\"@id\":\"https:\/\/miradagrafica.com.mx\/blog\/2023\/07\/29\/home-office-ahora-mi-jefe-se-mete-hasta-la-cocina\/#article\",\"isPartOf\":{\"@id\":\"https:\/\/miradagrafica.com.mx\/blog\/2023\/07\/29\/home-office-ahora-mi-jefe-se-mete-hasta-la-cocina\/\"},\"author\":{\"name\":\"saniv\",\"@id\":\"https:\/\/miradagrafica.com.mx\/blog\/#\/schema\/person\/95f3262d9f174d91fb6ec401531b5c3b\"},\"headline\":\"Home Office: ahora mi jefe se mete hasta la cocina\",\"datePublished\":\"2023-07-29T01:05:16+00:00\",\"dateModified\":\"2023-08-23T21:55:05+00:00\",\"mainEntityOfPage\":{\"@id\":\"https:\/\/miradagrafica.com.mx\/blog\/2023\/07\/29\/home-office-ahora-mi-jefe-se-mete-hasta-la-cocina\/\"},\"wordCount\":616,\"publisher\":{\"@id\":\"https:\/\/miradagrafica.com.mx\/blog\/#organization\"},\"image\":{\"@id\":\"https:\/\/miradagrafica.com.mx\/blog\/2023\/07\/29\/home-office-ahora-mi-jefe-se-mete-hasta-la-cocina\/#primaryimage\"},\"thumbnailUrl\":\"https:\/\/miradagrafica.com.mx\/blog\/wp-content\/uploads\/2023\/07\/home-office-1.jpg\",\"keywords\":[\"home office\"],\"articleSection\":[\"Negocios\"],\"inLanguage\":\"es\"},{\"@type\":\"WebPage\",\"@id\":\"https:\/\/miradagrafica.com.mx\/blog\/2023\/07\/29\/home-office-ahora-mi-jefe-se-mete-hasta-la-cocina\/\",\"url\":\"https:\/\/miradagrafica.com.mx\/blog\/2023\/07\/29\/home-office-ahora-mi-jefe-se-mete-hasta-la-cocina\/\",\"name\":\"Home Office: ahora mi jefe se mete hasta la cocina - Blog Mirada Gr\u00e1fica\",\"isPartOf\":{\"@id\":\"https:\/\/miradagrafica.com.mx\/blog\/#website\"},\"primaryImageOfPage\":{\"@id\":\"https:\/\/miradagrafica.com.mx\/blog\/2023\/07\/29\/home-office-ahora-mi-jefe-se-mete-hasta-la-cocina\/#primaryimage\"},\"image\":{\"@id\":\"https:\/\/miradagrafica.com.mx\/blog\/2023\/07\/29\/home-office-ahora-mi-jefe-se-mete-hasta-la-cocina\/#primaryimage\"},\"thumbnailUrl\":\"https:\/\/miradagrafica.com.mx\/blog\/wp-content\/uploads\/2023\/07\/home-office-1.jpg\",\"datePublished\":\"2023-07-29T01:05:16+00:00\",\"dateModified\":\"2023-08-23T21:55:05+00:00\",\"breadcrumb\":{\"@id\":\"https:\/\/miradagrafica.com.mx\/blog\/2023\/07\/29\/home-office-ahora-mi-jefe-se-mete-hasta-la-cocina\/#breadcrumb\"},\"inLanguage\":\"es\",\"potentialAction\":[{\"@type\":\"ReadAction\",\"target\":[\"https:\/\/miradagrafica.com.mx\/blog\/2023\/07\/29\/home-office-ahora-mi-jefe-se-mete-hasta-la-cocina\/\"]}]},{\"@type\":\"ImageObject\",\"inLanguage\":\"es\",\"@id\":\"https:\/\/miradagrafica.com.mx\/blog\/2023\/07\/29\/home-office-ahora-mi-jefe-se-mete-hasta-la-cocina\/#primaryimage\",\"url\":\"https:\/\/miradagrafica.com.mx\/blog\/wp-content\/uploads\/2023\/07\/home-office-1.jpg\",\"contentUrl\":\"https:\/\/miradagrafica.com.mx\/blog\/wp-content\/uploads\/2023\/07\/home-office-1.jpg\",\"width\":1000,\"height\":800},{\"@type\":\"BreadcrumbList\",\"@id\":\"https:\/\/miradagrafica.com.mx\/blog\/2023\/07\/29\/home-office-ahora-mi-jefe-se-mete-hasta-la-cocina\/#breadcrumb\",\"itemListElement\":[{\"@type\":\"ListItem\",\"position\":1,\"name\":\"Portada\",\"item\":\"https:\/\/miradagrafica.com.mx\/blog\/\"},{\"@type\":\"ListItem\",\"position\":2,\"name\":\"Home Office: ahora mi jefe se mete hasta la cocina\"}]},{\"@type\":\"WebSite\",\"@id\":\"https:\/\/miradagrafica.com.mx\/blog\/#website\",\"url\":\"https:\/\/miradagrafica.com.mx\/blog\/\",\"name\":\"Blog Mirada Gr\u00e1fica\",\"description\":\"Especialistas en Imagen Corporativa y Publicidad Digital\",\"publisher\":{\"@id\":\"https:\/\/miradagrafica.com.mx\/blog\/#organization\"},\"potentialAction\":[{\"@type\":\"SearchAction\",\"target\":{\"@type\":\"EntryPoint\",\"urlTemplate\":\"https:\/\/miradagrafica.com.mx\/blog\/?s={search_term_string}\"},\"query-input\":{\"@type\":\"PropertyValueSpecification\",\"valueRequired\":true,\"valueName\":\"search_term_string\"}}],\"inLanguage\":\"es\"},{\"@type\":\"Organization\",\"@id\":\"https:\/\/miradagrafica.com.mx\/blog\/#organization\",\"name\":\"Mirada Gr\u00e1fica\",\"url\":\"https:\/\/miradagrafica.com.mx\/blog\/\",\"logo\":{\"@type\":\"ImageObject\",\"inLanguage\":\"es\",\"@id\":\"https:\/\/miradagrafica.com.mx\/blog\/#\/schema\/logo\/image\/\",\"url\":\"https:\/\/miradagrafica.com.mx\/blog\/wp-content\/uploads\/2023\/08\/mg-logo.png\",\"contentUrl\":\"https:\/\/miradagrafica.com.mx\/blog\/wp-content\/uploads\/2023\/08\/mg-logo.png\",\"width\":1200,\"height\":1200,\"caption\":\"Mirada Gr\u00e1fica\"},\"image\":{\"@id\":\"https:\/\/miradagrafica.com.mx\/blog\/#\/schema\/logo\/image\/\"},\"sameAs\":[\"https:\/\/www.facebook.com\/miradagrafica\"]},{\"@type\":\"Person\",\"@id\":\"https:\/\/miradagrafica.com.mx\/blog\/#\/schema\/person\/95f3262d9f174d91fb6ec401531b5c3b\",\"name\":\"saniv\",\"image\":{\"@type\":\"ImageObject\",\"inLanguage\":\"es\",\"@id\":\"https:\/\/miradagrafica.com.mx\/blog\/#\/schema\/person\/image\/\",\"url\":\"https:\/\/secure.gravatar.com\/avatar\/c35a9db0fdaf7f325b98120d3c4bfff028610b380907b8a8c795585657133819?s=96&d=mm&r=g\",\"contentUrl\":\"https:\/\/secure.gravatar.com\/avatar\/c35a9db0fdaf7f325b98120d3c4bfff028610b380907b8a8c795585657133819?s=96&d=mm&r=g\",\"caption\":\"saniv\"},\"sameAs\":[\"https:\/\/miradagrafica.com.mx\/blog\"],\"url\":\"https:\/\/miradagrafica.com.mx\/blog\/author\/saniv\/\"}]}<\/script>\n<!-- \/ Yoast SEO plugin. -->","yoast_head_json":{"title":"Home Office: ahora mi jefe se mete hasta la cocina - Blog Mirada Gr\u00e1fica","robots":{"index":"index","follow":"follow","max-snippet":"max-snippet:-1","max-image-preview":"max-image-preview:large","max-video-preview":"max-video-preview:-1"},"canonical":"https:\/\/miradagrafica.com.mx\/blog\/2023\/07\/29\/home-office-ahora-mi-jefe-se-mete-hasta-la-cocina\/","og_locale":"es_ES","og_type":"article","og_title":"Home Office: ahora mi jefe se mete hasta la cocina - Blog Mirada Gr\u00e1fica","og_description":"M\u00e9xico, y pr\u00e1cticamente todas las naciones del globo, est\u00e1 enfrentando una impronta que nos tom\u00f3...","og_url":"https:\/\/miradagrafica.com.mx\/blog\/2023\/07\/29\/home-office-ahora-mi-jefe-se-mete-hasta-la-cocina\/","og_site_name":"Blog Mirada Gr\u00e1fica","article_publisher":"https:\/\/www.facebook.com\/miradagrafica","article_published_time":"2023-07-29T01:05:16+00:00","article_modified_time":"2023-08-23T21:55:05+00:00","og_image":[{"width":1000,"height":800,"url":"https:\/\/miradagrafica.com.mx\/blog\/wp-content\/uploads\/2023\/07\/home-office-1.jpg","type":"image\/jpeg"}],"author":"saniv","twitter_card":"summary_large_image","twitter_misc":{"Escrito por":"saniv","Tiempo de lectura":"3 minutos"},"schema":{"@context":"https:\/\/schema.org","@graph":[{"@type":"Article","@id":"https:\/\/miradagrafica.com.mx\/blog\/2023\/07\/29\/home-office-ahora-mi-jefe-se-mete-hasta-la-cocina\/#article","isPartOf":{"@id":"https:\/\/miradagrafica.com.mx\/blog\/2023\/07\/29\/home-office-ahora-mi-jefe-se-mete-hasta-la-cocina\/"},"author":{"name":"saniv","@id":"https:\/\/miradagrafica.com.mx\/blog\/#\/schema\/person\/95f3262d9f174d91fb6ec401531b5c3b"},"headline":"Home Office: ahora mi jefe se mete hasta la cocina","datePublished":"2023-07-29T01:05:16+00:00","dateModified":"2023-08-23T21:55:05+00:00","mainEntityOfPage":{"@id":"https:\/\/miradagrafica.com.mx\/blog\/2023\/07\/29\/home-office-ahora-mi-jefe-se-mete-hasta-la-cocina\/"},"wordCount":616,"publisher":{"@id":"https:\/\/miradagrafica.com.mx\/blog\/#organization"},"image":{"@id":"https:\/\/miradagrafica.com.mx\/blog\/2023\/07\/29\/home-office-ahora-mi-jefe-se-mete-hasta-la-cocina\/#primaryimage"},"thumbnailUrl":"https:\/\/miradagrafica.com.mx\/blog\/wp-content\/uploads\/2023\/07\/home-office-1.jpg","keywords":["home office"],"articleSection":["Negocios"],"inLanguage":"es"},{"@type":"WebPage","@id":"https:\/\/miradagrafica.com.mx\/blog\/2023\/07\/29\/home-office-ahora-mi-jefe-se-mete-hasta-la-cocina\/","url":"https:\/\/miradagrafica.com.mx\/blog\/2023\/07\/29\/home-office-ahora-mi-jefe-se-mete-hasta-la-cocina\/","name":"Home Office: ahora mi jefe se mete hasta la cocina - Blog Mirada Gr\u00e1fica","isPartOf":{"@id":"https:\/\/miradagrafica.com.mx\/blog\/#website"},"primaryImageOfPage":{"@id":"https:\/\/miradagrafica.com.mx\/blog\/2023\/07\/29\/home-office-ahora-mi-jefe-se-mete-hasta-la-cocina\/#primaryimage"},"image":{"@id":"https:\/\/miradagrafica.com.mx\/blog\/2023\/07\/29\/home-office-ahora-mi-jefe-se-mete-hasta-la-cocina\/#primaryimage"},"thumbnailUrl":"https:\/\/miradagrafica.com.mx\/blog\/wp-content\/uploads\/2023\/07\/home-office-1.jpg","datePublished":"2023-07-29T01:05:16+00:00","dateModified":"2023-08-23T21:55:05+00:00","breadcrumb":{"@id":"https:\/\/miradagrafica.com.mx\/blog\/2023\/07\/29\/home-office-ahora-mi-jefe-se-mete-hasta-la-cocina\/#breadcrumb"},"inLanguage":"es","potentialAction":[{"@type":"ReadAction","target":["https:\/\/miradagrafica.com.mx\/blog\/2023\/07\/29\/home-office-ahora-mi-jefe-se-mete-hasta-la-cocina\/"]}]},{"@type":"ImageObject","inLanguage":"es","@id":"https:\/\/miradagrafica.com.mx\/blog\/2023\/07\/29\/home-office-ahora-mi-jefe-se-mete-hasta-la-cocina\/#primaryimage","url":"https:\/\/miradagrafica.com.mx\/blog\/wp-content\/uploads\/2023\/07\/home-office-1.jpg","contentUrl":"https:\/\/miradagrafica.com.mx\/blog\/wp-content\/uploads\/2023\/07\/home-office-1.jpg","width":1000,"height":800},{"@type":"BreadcrumbList","@id":"https:\/\/miradagrafica.com.mx\/blog\/2023\/07\/29\/home-office-ahora-mi-jefe-se-mete-hasta-la-cocina\/#breadcrumb","itemListElement":[{"@type":"ListItem","position":1,"name":"Portada","item":"https:\/\/miradagrafica.com.mx\/blog\/"},{"@type":"ListItem","position":2,"name":"Home Office: ahora mi jefe se mete hasta la cocina"}]},{"@type":"WebSite","@id":"https:\/\/miradagrafica.com.mx\/blog\/#website","url":"https:\/\/miradagrafica.com.mx\/blog\/","name":"Blog Mirada Gr\u00e1fica","description":"Especialistas en Imagen Corporativa y Publicidad Digital","publisher":{"@id":"https:\/\/miradagrafica.com.mx\/blog\/#organization"},"potentialAction":[{"@type":"SearchAction","target":{"@type":"EntryPoint","urlTemplate":"https:\/\/miradagrafica.com.mx\/blog\/?s={search_term_string}"},"query-input":{"@type":"PropertyValueSpecification","valueRequired":true,"valueName":"search_term_string"}}],"inLanguage":"es"},{"@type":"Organization","@id":"https:\/\/miradagrafica.com.mx\/blog\/#organization","name":"Mirada Gr\u00e1fica","url":"https:\/\/miradagrafica.com.mx\/blog\/","logo":{"@type":"ImageObject","inLanguage":"es","@id":"https:\/\/miradagrafica.com.mx\/blog\/#\/schema\/logo\/image\/","url":"https:\/\/miradagrafica.com.mx\/blog\/wp-content\/uploads\/2023\/08\/mg-logo.png","contentUrl":"https:\/\/miradagrafica.com.mx\/blog\/wp-content\/uploads\/2023\/08\/mg-logo.png","width":1200,"height":1200,"caption":"Mirada Gr\u00e1fica"},"image":{"@id":"https:\/\/miradagrafica.com.mx\/blog\/#\/schema\/logo\/image\/"},"sameAs":["https:\/\/www.facebook.com\/miradagrafica"]},{"@type":"Person","@id":"https:\/\/miradagrafica.com.mx\/blog\/#\/schema\/person\/95f3262d9f174d91fb6ec401531b5c3b","name":"saniv","image":{"@type":"ImageObject","inLanguage":"es","@id":"https:\/\/miradagrafica.com.mx\/blog\/#\/schema\/person\/image\/","url":"https:\/\/secure.gravatar.com\/avatar\/c35a9db0fdaf7f325b98120d3c4bfff028610b380907b8a8c795585657133819?s=96&d=mm&r=g","contentUrl":"https:\/\/secure.gravatar.com\/avatar\/c35a9db0fdaf7f325b98120d3c4bfff028610b380907b8a8c795585657133819?s=96&d=mm&r=g","caption":"saniv"},"sameAs":["https:\/\/miradagrafica.com.mx\/blog"],"url":"https:\/\/miradagrafica.com.mx\/blog\/author\/saniv\/"}]}},"_links":{"self":[{"href":"https:\/\/miradagrafica.com.mx\/blog\/wp-json\/wp\/v2\/posts\/28","targetHints":{"allow":["GET"]}}],"collection":[{"href":"https:\/\/miradagrafica.com.mx\/blog\/wp-json\/wp\/v2\/posts"}],"about":[{"href":"https:\/\/miradagrafica.com.mx\/blog\/wp-json\/wp\/v2\/types\/post"}],"author":[{"embeddable":true,"href":"https:\/\/miradagrafica.com.mx\/blog\/wp-json\/wp\/v2\/users\/1"}],"replies":[{"embeddable":true,"href":"https:\/\/miradagrafica.com.mx\/blog\/wp-json\/wp\/v2\/comments?post=28"}],"version-history":[{"count":1,"href":"https:\/\/miradagrafica.com.mx\/blog\/wp-json\/wp\/v2\/posts\/28\/revisions"}],"predecessor-version":[{"id":29,"href":"https:\/\/miradagrafica.com.mx\/blog\/wp-json\/wp\/v2\/posts\/28\/revisions\/29"}],"wp:featuredmedia":[{"embeddable":true,"href":"https:\/\/miradagrafica.com.mx\/blog\/wp-json\/wp\/v2\/media\/54"}],"wp:attachment":[{"href":"https:\/\/miradagrafica.com.mx\/blog\/wp-json\/wp\/v2\/media?parent=28"}],"wp:term":[{"taxonomy":"category","embeddable":true,"href":"https:\/\/miradagrafica.com.mx\/blog\/wp-json\/wp\/v2\/categories?post=28"},{"taxonomy":"post_tag","embeddable":true,"href":"https:\/\/miradagrafica.com.mx\/blog\/wp-json\/wp\/v2\/tags?post=28"}],"curies":[{"name":"wp","href":"https:\/\/api.w.org\/{rel}","templated":true}]}}